{"id":62190,"date":"2021-08-20T19:53:11","date_gmt":"2021-08-20T19:53:11","guid":{"rendered":"http:\/\/goiasemtempo.com.br\/home\/?p=62190"},"modified":"2021-08-20T19:53:11","modified_gmt":"2021-08-20T19:53:11","slug":"conmebol-divulga-tabela-das-semifinais-da-libertadores-confira","status":"publish","type":"post","link":"https:\/\/goiasemtempo.com.br\/home\/conmebol-divulga-tabela-das-semifinais-da-libertadores-confira\/","title":{"rendered":"Conmebol divulga tabela das semifinais da Libertadores; confira"},"content":{"rendered":"<p>A Conmebol divulgou na tarde desta sexta-feira a tabela das semifinais da Libertadores. Flamengo e Palmeiras ir\u00e3o come\u00e7ar em casa. Enquanto a equipe equatoriana e o Atl\u00e9tico-MG far\u00e3o a \u00faltima partida em seus dom\u00ednios.<\/p>\n<div class=\"mc-column content-text active-extra-styles \" data-block-type=\"unstyled\" data-block-weight=\"44\" data-block-id=\"3\">\n<p class=\"content-text__container \" data-track-category=\"Link no Texto\" data-track-links=\"\">O duelo brasileiro dessa semifinal, entre Palmeiras e Atl\u00e9tico-MG, vai come\u00e7ar primeiro. O jogo de ida est\u00e1 marcado para o dia 21 de setembro, no Allianz Parque, em S\u00e3o Paulo. A volta ser\u00e1 no dia 28 de setembro, no Mineir\u00e3o, em Belo Horizonte.<\/p>\n<\/div>\n<div class=\"mc-column content-text active-extra-styles \" data-block-type=\"unstyled\" data-block-weight=\"44\" data-block-id=\"4\">\n<p class=\"content-text__container \" data-track-category=\"Link no Texto\" data-track-links=\"\">O primeiro confronto entre Flamengo e Barcelona de Guayaquil vai ocorrer no dia 22 de setembro, no Man\u00e9 Garrincha, em Bras\u00edlia. A volta ser\u00e1 no dia 29 de setembro, no est\u00e1dio Monumental, em Guayaquil. Todos os jogos ocorrer\u00e3o \u00e0s 21h30 (hor\u00e1rio de Bras\u00edlia).<\/p>\n<\/div>\n<div class=\"row medium-uncollapsed content-media content-photo\" data-block-type=\"backstage-photo\" data-block-id=\"5\">\n<div class=\"mc-column content-media__container\">\n<div class=\"content-media-container glb-skeleton-box\">\n<div class=\"mc-column content-text active-extra-styles\" data-block-type=\"raw\" data-block-weight=\"1\" data-block-id=\"8\">\n<div class=\"content-intertitle\">\n<h2>Semifinais<\/h2>\n<\/div>\n<p><strong>Atletico-MG x Palmeiras<\/strong><\/p>\n<\/div>\n<div class=\"mc-column content-text active-extra-styles\" data-block-type=\"raw\" data-block-weight=\"11\" data-block-id=\"10\">\n<ul class=\"content-unordered-list\">\n<li>Ida: 21\/09 &#8211; Allianz Parque<\/li>\n<li>Volta: 28\/09 &#8211; Mineir\u00e3o (A confirmar)<\/li>\n<\/ul>\n<p><strong>Flamengo x Barcelona de Guayaquil (EQU)<\/strong><\/p>\n<\/div>\n<div data-track-category=\"multicontent\" data-track-action=\"ultimo chunk conteudo\" data-track-noninteraction=\"false\" data-track-scroll=\"view\">\n<div class=\"mc-column content-text active-extra-styles\" data-block-type=\"raw\" data-block-weight=\"9\" data-block-id=\"12\">\n<ul class=\"content-unordered-list\">\n<li>Ida: 22\/09 &#8211; Man\u00e9 Garrincha<\/li>\n<li>Volta: 29\/09 &#8211; Monumental<\/li>\n<\/ul>\n<\/div>\n<\/div>\n<\/div>\n<\/div>\n<\/div>\n","protected":false},"excerpt":{"rendered":"<p>A Conmebol divulgou na tarde desta sexta-feira a tabela das semifinais da Libertadores. Flamengo e Palmeiras ir\u00e3o come\u00e7ar em casa. Enquanto a equipe equatoriana e o Atl\u00e9tico-MG far\u00e3o a \u00faltima partida em seus dom\u00ednios. O duelo brasileiro dessa semifinal, entre Palmeiras e Atl\u00e9tico-MG, vai come\u00e7ar primeiro. O jogo de ida est\u00e1 marcado para o dia &hellip;<\/p>\n","protected":false},"author":3,"featured_media":62191,"comment_status":"open","ping_status":"open","sticky":false,"template":"","format":"standard","meta":{"footnotes":""},"categories":[464],"tags":[],"class_list":["post-62190","post","type-post","status-publish","format-standard","has-post-thumbnail","hentry","category-libertadores-da-america"],"_links":{"self":[{"href":"https:\/\/goiasemtempo.com.br\/home\/wp-json\/wp\/v2\/posts\/62190","targetHints":{"allow":["GET"]}}],"collection":[{"href":"https:\/\/goiasemtempo.com.br\/home\/wp-json\/wp\/v2\/posts"}],"about":[{"href":"https:\/\/goiasemtempo.com.br\/home\/wp-json\/wp\/v2\/types\/post"}],"author":[{"embeddable":true,"href":"https:\/\/goiasemtempo.com.br\/home\/wp-json\/wp\/v2\/users\/3"}],"replies":[{"embeddable":true,"href":"https:\/\/goiasemtempo.com.br\/home\/wp-json\/wp\/v2\/comments?post=62190"}],"version-history":[{"count":1,"href":"https:\/\/goiasemtempo.com.br\/home\/wp-json\/wp\/v2\/posts\/62190\/revisions"}],"predecessor-version":[{"id":62192,"href":"https:\/\/goiasemtempo.com.br\/home\/wp-json\/wp\/v2\/posts\/62190\/revisions\/62192"}],"wp:featuredmedia":[{"embeddable":true,"href":"https:\/\/goiasemtempo.com.br\/home\/wp-json\/wp\/v2\/media\/62191"}],"wp:attachment":[{"href":"https:\/\/goiasemtempo.com.br\/home\/wp-json\/wp\/v2\/media?parent=62190"}],"wp:term":[{"taxonomy":"category","embeddable":true,"href":"https:\/\/goiasemtempo.com.br\/home\/wp-json\/wp\/v2\/categories?post=62190"},{"taxonomy":"post_tag","embeddable":true,"href":"https:\/\/goiasemtempo.com.br\/home\/wp-json\/wp\/v2\/tags?post=62190"}],"curies":[{"name":"wp","href":"https:\/\/api.w.org\/{rel}","templated":true}]}}