{"id":62146,"date":"2021-08-19T18:55:29","date_gmt":"2021-08-19T18:55:29","guid":{"rendered":"https:\/\/goiasemtempo.com.br\/home\/?p=62146"},"modified":"2021-08-19T18:55:29","modified_gmt":"2021-08-19T18:55:29","slug":"governo-notifica-650-mil-pessoas-a-devolver-auxilio-emergencial","status":"publish","type":"post","link":"https:\/\/goiasemtempo.com.br\/home\/governo-notifica-650-mil-pessoas-a-devolver-auxilio-emergencial\/","title":{"rendered":"Governo notifica 650 mil pessoas a devolver aux\u00edlio emergencial"},"content":{"rendered":"<div class=\"td-post-content tagdiv-type\">\n<p><strong>Ag\u00eancia Brasil<\/strong>\u00a0\u2013 O minist\u00e9rio da Cidadania est\u00e1 notificando, entre hoje (18) e amanh\u00e3 (19) 650 mil pessoas a devolver, voluntariamente, os recursos recebidos por meio do auxilio emergencial.<img decoding=\"async\" src=\"https:\/\/agenciabrasil.ebc.com.br\/ebc.png?id=1418925&amp;o=node\" \/><img decoding=\"async\" src=\"https:\/\/agenciabrasil.ebc.com.br\/ebc.gif?id=1418925&amp;o=node\" \/><\/p>\n<p>\u201cS\u00e3o trabalhadores que ao declarar o Imposto de Renda Pessoa F\u00edsica (IRPF) geraram DARF para restitui\u00e7\u00e3o de parcelas do Aux\u00edlio Emergencial, mas que ainda n\u00e3o efetuaram o pagamento, ou que receberam recursos de forma indevida por n\u00e3o se enquadrarem nos crit\u00e9rios de elegibilidade do programa\u201d, disse Ronaldo Navarro, secret\u00e1rio de Avalia\u00e7\u00e3o e Gest\u00e3o da Informa\u00e7\u00e3o (Sagi) do Minist\u00e9rio da Cidadania.<\/p>\n<p>Tamb\u00e9m est\u00e3o sendo notificadas pessoas que possu\u00edam algum v\u00ednculo empregat\u00edcio na \u00e9poca do aux\u00edlio ou que j\u00e1 recebiam outro benef\u00edcio do governo como aposentadoria, seguro desemprego ou que aderiram ao Programa Emergencial de Manuten\u00e7\u00e3o do Emprego e da Renda. Quem tinha renda incompat\u00edvel com as regras do aux\u00edlio tamb\u00e9m est\u00e1 sendo avisado.<\/p>\n<h2>Aten\u00e7\u00e3o ao remetente<\/h2>\n<p>As mensagens enviadas pelo Minist\u00e9rio da Cidadania cont\u00eam o CPF do benefici\u00e1rio e o link iniciado com gov.br. Elas ser\u00e3o enviadas pelos n\u00fameros 28041 ou 28042. Qualquer SMS enviado de n\u00fameros diferentes deve ser desconsiderado. Na mensagem j\u00e1 consta o link para fazer a regulariza\u00e7\u00e3o da situa\u00e7\u00e3o. As orienta\u00e7\u00f5es est\u00e3o no Twitter do Minist\u00e9rio da Cidadania.<\/p>\n<div class=\"twitter-tweet twitter-tweet-rendered\">\n<div class=\"td-post-content tagdiv-type\">\n<div class=\"twitter-tweet twitter-tweet-rendered\"><iframe id=\"twitter-widget-0\" class=\"\" title=\"Twitter Tweet\" src=\"https:\/\/platform.twitter.com\/embed\/Tweet.html?dnt=false&amp;embedId=twitter-widget-0&amp;features=eyJ0ZndfZXhwZXJpbWVudHNfY29va2llX2V4cGlyYXRpb24iOnsiYnVja2V0IjoxMjA5NjAwLCJ2ZXJzaW9uIjpudWxsfSwidGZ3X2hvcml6b25fdHdlZXRfZW1iZWRfOTU1NSI6eyJidWNrZXQiOiJodGUiLCJ2ZXJzaW9uIjpudWxsfSwidGZ3X3NwYWNlX2NhcmQiOnsiYnVja2V0Ijoib2ZmIiwidmVyc2lvbiI6bnVsbH19&amp;frame=false&amp;hideCard=false&amp;hideThread=false&amp;id=1428049656651583495&amp;lang=pt&amp;origin=https%3A%2F%2Fsagresonline.com.br%2Fgoverno-notifica-650-mil-pessoas-a-devolver-auxilio-emergencial%2F&amp;sessionId=f64fd6390ac0bc29c47cf418d1cab393d9637671&amp;theme=light&amp;widgetsVersion=1890d59c%3A1627936082797&amp;width=550px\" frameborder=\"0\" scrolling=\"no\" allowfullscreen=\"allowfullscreen\" data-tweet-id=\"1428049656651583495\"><\/iframe><\/div>\n<\/div>\n<footer>\n<div class=\"td-post-source-tags\">\n<p>&nbsp;<\/p>\n<\/div>\n<\/footer>\n<\/div>\n<\/div>\n","protected":false},"excerpt":{"rendered":"<p>Ag\u00eancia Brasil\u00a0\u2013 O minist\u00e9rio da Cidadania est\u00e1 notificando, entre hoje (18) e amanh\u00e3 (19) 650 mil pessoas a devolver, voluntariamente, os recursos recebidos por meio do auxilio emergencial. \u201cS\u00e3o trabalhadores que ao declarar o Imposto de Renda Pessoa F\u00edsica (IRPF) geraram DARF para restitui\u00e7\u00e3o de parcelas do Aux\u00edlio Emergencial, mas que ainda n\u00e3o efetuaram o &hellip;<\/p>\n","protected":false},"author":3,"featured_media":62147,"comment_status":"open","ping_status":"open","sticky":false,"template":"","format":"standard","meta":{"_exactmetrics_skip_tracking":false,"_exactmetrics_sitenote_active":false,"_exactmetrics_sitenote_note":"","_exactmetrics_sitenote_category":0,"footnotes":""},"categories":[17],"tags":[],"_links":{"self":[{"href":"https:\/\/goiasemtempo.com.br\/home\/wp-json\/wp\/v2\/posts\/62146"}],"collection":[{"href":"https:\/\/goiasemtempo.com.br\/home\/wp-json\/wp\/v2\/posts"}],"about":[{"href":"https:\/\/goiasemtempo.com.br\/home\/wp-json\/wp\/v2\/types\/post"}],"author":[{"embeddable":true,"href":"https:\/\/goiasemtempo.com.br\/home\/wp-json\/wp\/v2\/users\/3"}],"replies":[{"embeddable":true,"href":"https:\/\/goiasemtempo.com.br\/home\/wp-json\/wp\/v2\/comments?post=62146"}],"version-history":[{"count":1,"href":"https:\/\/goiasemtempo.com.br\/home\/wp-json\/wp\/v2\/posts\/62146\/revisions"}],"predecessor-version":[{"id":62148,"href":"https:\/\/goiasemtempo.com.br\/home\/wp-json\/wp\/v2\/posts\/62146\/revisions\/62148"}],"wp:featuredmedia":[{"embeddable":true,"href":"https:\/\/goiasemtempo.com.br\/home\/wp-json\/wp\/v2\/media\/62147"}],"wp:attachment":[{"href":"https:\/\/goiasemtempo.com.br\/home\/wp-json\/wp\/v2\/media?parent=62146"}],"wp:term":[{"taxonomy":"category","embeddable":true,"href":"https:\/\/goiasemtempo.com.br\/home\/wp-json\/wp\/v2\/categories?post=62146"},{"taxonomy":"post_tag","embeddable":true,"href":"https:\/\/goiasemtempo.com.br\/home\/wp-json\/wp\/v2\/tags?post=62146"}],"curies":[{"name":"wp","href":"https:\/\/api.w.org\/{rel}","templated":true}]}}