{"id":62137,"date":"2021-08-19T18:13:19","date_gmt":"2021-08-19T18:13:19","guid":{"rendered":"https:\/\/goiasemtempo.com.br\/home\/?p=62137"},"modified":"2021-08-19T18:13:19","modified_gmt":"2021-08-19T18:13:19","slug":"butantan-recebe-materia-prima-para-7-milhoes-de-doses-da-coronavac","status":"publish","type":"post","link":"https:\/\/goiasemtempo.com.br\/home\/butantan-recebe-materia-prima-para-7-milhoes-de-doses-da-coronavac\/","title":{"rendered":"Butantan recebe mat\u00e9ria-prima para 7 milh\u00f5es de doses da CoronaVac"},"content":{"rendered":"<div class=\"post-item-wrap\">\n<p>Um lote de 4 mil litros de Insumo Farmac\u00eautico Ativo (IFA) chegou na noite dessa quarta-feira (18) a\u00a0S\u00e3o Paulo. A mat\u00e9ria-prima vai\u00a0viabilizar a produ\u00e7\u00e3o de 7 milh\u00f5es de doses da vacina contra a covid-19, a CoronaVac, destinadas ao Programa Nacional de Imuniza\u00e7\u00f5es (PNI).<img decoding=\"async\" src=\"https:\/\/agenciabrasil.ebc.com.br\/ebc.png?id=1418981&amp;o=node\" \/><img decoding=\"async\" src=\"https:\/\/agenciabrasil.ebc.com.br\/ebc.gif?id=1418981&amp;o=node\" \/><\/p>\n<p>O voo da companhia a\u00e9rea Turkish Airlines saiu de Pequim (China), fez escala em Istambul (Turquia)\u00a0e pousou no Aeroporto de Guarulhos, regi\u00e3o metropolitana de S\u00e3o Paulo, por volta das 21h.<\/p>\n<p>A mat\u00e9ria-prima, enviada pela biofarmac\u00eautica chinesa Sinovac, parceira do Instituto Butantan, passar\u00e1 pelos processos de envase, rotulagem, embalagem e por um r\u00edgido processo de controle de qualidade antes de ser disponibilizada para a popula\u00e7\u00e3o, por interm\u00e9dio do Minist\u00e9rio da Sa\u00fade.<\/p>\n<p>O Butantan j\u00e1 disponibilizou 74,849 milh\u00f5es de doses ao Minist\u00e9rio da Sa\u00fade desde 17 de janeiro, quando o uso emergencial do imunizante foi aprovado pela Ag\u00eancia Nacional de Vigil\u00e2ncia Sanit\u00e1ria.<\/p>\n<p>A \u00faltima entrega ocorreu na manh\u00e3 de\u00a0ontem, com a libera\u00e7\u00e3o de mais 2 milh\u00f5es de doses ao PNI. As vacinas fazem parte do segundo contrato firmado com o Minist\u00e9rio da Sa\u00fade, de 54 milh\u00f5es de doses. O primeiro, de 46 milh\u00f5es, foi conclu\u00eddo em 12 de maio.<\/p>\n<\/div>\n<p class=\"alt-font font-italic my-2 small text-info\">Edi\u00e7\u00e3o: Gra\u00e7a Adjuto<\/p>\n","protected":false},"excerpt":{"rendered":"<p>Um lote de 4 mil litros de Insumo Farmac\u00eautico Ativo (IFA) chegou na noite dessa quarta-feira (18) a\u00a0S\u00e3o Paulo. A mat\u00e9ria-prima vai\u00a0viabilizar a produ\u00e7\u00e3o de 7 milh\u00f5es de doses da vacina contra a covid-19, a CoronaVac, destinadas ao Programa Nacional de Imuniza\u00e7\u00f5es (PNI). O voo da companhia a\u00e9rea Turkish Airlines saiu de Pequim (China), fez &hellip;<\/p>\n","protected":false},"author":3,"featured_media":62138,"comment_status":"open","ping_status":"open","sticky":false,"template":"","format":"standard","meta":{"_exactmetrics_skip_tracking":false,"_exactmetrics_sitenote_active":false,"_exactmetrics_sitenote_note":"","_exactmetrics_sitenote_category":0,"footnotes":""},"categories":[458],"tags":[],"_links":{"self":[{"href":"https:\/\/goiasemtempo.com.br\/home\/wp-json\/wp\/v2\/posts\/62137"}],"collection":[{"href":"https:\/\/goiasemtempo.com.br\/home\/wp-json\/wp\/v2\/posts"}],"about":[{"href":"https:\/\/goiasemtempo.com.br\/home\/wp-json\/wp\/v2\/types\/post"}],"author":[{"embeddable":true,"href":"https:\/\/goiasemtempo.com.br\/home\/wp-json\/wp\/v2\/users\/3"}],"replies":[{"embeddable":true,"href":"https:\/\/goiasemtempo.com.br\/home\/wp-json\/wp\/v2\/comments?post=62137"}],"version-history":[{"count":1,"href":"https:\/\/goiasemtempo.com.br\/home\/wp-json\/wp\/v2\/posts\/62137\/revisions"}],"predecessor-version":[{"id":62139,"href":"https:\/\/goiasemtempo.com.br\/home\/wp-json\/wp\/v2\/posts\/62137\/revisions\/62139"}],"wp:featuredmedia":[{"embeddable":true,"href":"https:\/\/goiasemtempo.com.br\/home\/wp-json\/wp\/v2\/media\/62138"}],"wp:attachment":[{"href":"https:\/\/goiasemtempo.com.br\/home\/wp-json\/wp\/v2\/media?parent=62137"}],"wp:term":[{"taxonomy":"category","embeddable":true,"href":"https:\/\/goiasemtempo.com.br\/home\/wp-json\/wp\/v2\/categories?post=62137"},{"taxonomy":"post_tag","embeddable":true,"href":"https:\/\/goiasemtempo.com.br\/home\/wp-json\/wp\/v2\/tags?post=62137"}],"curies":[{"name":"wp","href":"https:\/\/api.w.org\/{rel}","templated":true}]}}