{"id":62129,"date":"2021-08-18T14:24:33","date_gmt":"2021-08-18T14:24:33","guid":{"rendered":"http:\/\/goiasemtempo.com.br\/home\/?p=62129"},"modified":"2021-08-18T14:24:33","modified_gmt":"2021-08-18T14:24:33","slug":"palmeiras-vence-sao-paulo-e-esta-na-semifinal-da-libertadores","status":"publish","type":"post","link":"https:\/\/goiasemtempo.com.br\/home\/palmeiras-vence-sao-paulo-e-esta-na-semifinal-da-libertadores\/","title":{"rendered":"Palmeiras vence S\u00e3o Paulo e est\u00e1 na semifinal da Libertadores"},"content":{"rendered":"<div class=\"post-item-wrap\">\n<p>O Palmeiras se tornou o primeiro time brasileiro nas semifinais da atual edi\u00e7\u00e3o da Copa Libertadores ap\u00f3s derrotar o S\u00e3o Paulo por 3 a 0, na noite desta ter\u00e7a-feira (17) no Allianz Parque. O Verd\u00e3o garantiu sua passagem gra\u00e7as a gols de Raphael Veiga, Dudu e Patrick de Paula.<img decoding=\"async\" src=\"https:\/\/agenciabrasil.ebc.com.br\/ebc.png?id=1418796&amp;o=node\" \/><img decoding=\"async\" src=\"https:\/\/agenciabrasil.ebc.com.br\/ebc.gif?id=1418796&amp;o=node\" \/><\/p>\n<div class=\"twitter-tweet twitter-tweet-rendered\"><iframe id=\"twitter-widget-0\" class=\"\" title=\"Twitter Tweet\" src=\"https:\/\/platform.twitter.com\/embed\/Tweet.html?creatorScreenName=agenciabrasil&amp;dnt=false&amp;embedId=twitter-widget-0&amp;features=eyJ0ZndfZXhwZXJpbWVudHNfY29va2llX2V4cGlyYXRpb24iOnsiYnVja2V0IjoxMjA5NjAwLCJ2ZXJzaW9uIjpudWxsfSwidGZ3X2hvcml6b25fdHdlZXRfZW1iZWRfOTU1NSI6eyJidWNrZXQiOiJodGUiLCJ2ZXJzaW9uIjpudWxsfSwidGZ3X3NwYWNlX2NhcmQiOnsiYnVja2V0Ijoib2ZmIiwidmVyc2lvbiI6bnVsbH19&amp;frame=false&amp;hideCard=false&amp;hideThread=true&amp;id=1427818088481886212&amp;lang=pt&amp;origin=https%3A%2F%2Fagenciabrasil.ebc.com.br%2Fesportes%2Fnoticia%2F2021-08%2Fpalmeiras-vence-sao-paulo-e-esta-na-semifinal-da-libertadores&amp;sessionId=5f5bcee79e5839f4a05e39aa6b36e8dafcbc3da3&amp;siteScreenName=agenciabrasil&amp;theme=light&amp;widgetsVersion=1890d59c%3A1627936082797&amp;width=550px\" frameborder=\"0\" scrolling=\"no\" allowfullscreen=\"allowfullscreen\" data-tweet-id=\"1427818088481886212\" data-mce-fragment=\"1\"><\/iframe><\/div>\n<p>A classifica\u00e7\u00e3o do Palestra veio ap\u00f3s as equipes empatarem por 1 a 1 no jogo de ida das quartas, na \u00faltima ter\u00e7a-feira (10) no est\u00e1dio do Morumbi. Na pr\u00f3xima fase, o Palmeiras mede for\u00e7as com o vencedor do confronto entre River Plate (Argentina) e Atl\u00e9tico-MG, que fazem o jogo de volta na pr\u00f3xima quarta (18). Na ida, o Galo triunfou por 1 a 0 jogando em Buenos Aires.<\/p>\n<p>Atuando em casa, o Palmeiras come\u00e7ou ligado, e n\u00e3o demorou a abrir o placar. Aos 10 minutos, Z\u00e9 Rafael ganhou de Arboleda e puxou contra-ataque do meio de campo. Ele se livrou da marca\u00e7\u00e3o de Daniel Alves, carregou at\u00e9 a intermedi\u00e1ria advers\u00e1ria e rolou para Raphael Veiga, que, de dentro da \u00e1rea, bateu firme para superar o goleiro Tiago Volpi.<\/p>\n<div class=\"twitter-tweet twitter-tweet-rendered\"><iframe id=\"twitter-widget-1\" class=\"\" title=\"Twitter Tweet\" src=\"https:\/\/platform.twitter.com\/embed\/Tweet.html?creatorScreenName=agenciabrasil&amp;dnt=false&amp;embedId=twitter-widget-1&amp;features=eyJ0ZndfZXhwZXJpbWVudHNfY29va2llX2V4cGlyYXRpb24iOnsiYnVja2V0IjoxMjA5NjAwLCJ2ZXJzaW9uIjpudWxsfSwidGZ3X2hvcml6b25fdHdlZXRfZW1iZWRfOTU1NSI6eyJidWNrZXQiOiJodGUiLCJ2ZXJzaW9uIjpudWxsfSwidGZ3X3NwYWNlX2NhcmQiOnsiYnVja2V0Ijoib2ZmIiwidmVyc2lvbiI6bnVsbH19&amp;frame=false&amp;hideCard=false&amp;hideThread=true&amp;id=1427796535278985230&amp;lang=pt&amp;origin=https%3A%2F%2Fagenciabrasil.ebc.com.br%2Fesportes%2Fnoticia%2F2021-08%2Fpalmeiras-vence-sao-paulo-e-esta-na-semifinal-da-libertadores&amp;sessionId=5f5bcee79e5839f4a05e39aa6b36e8dafcbc3da3&amp;siteScreenName=agenciabrasil&amp;theme=light&amp;widgetsVersion=1890d59c%3A1627936082797&amp;width=550px\" frameborder=\"0\" scrolling=\"no\" allowfullscreen=\"allowfullscreen\" data-tweet-id=\"1427796535278985230\" data-mce-fragment=\"1\"><\/iframe><\/div>\n<p>O S\u00e3o Paulo passou a propor jogo em busca do empate, enquanto o Verd\u00e3o adotava uma postura mais reativa, guardando mais a defesa. Com isso, o placar permaneceu inalterado at\u00e9 o intervalo.<\/p>\n<p>O Tricolor come\u00e7ou a etapa final melhor, mas o Palmeiras continuou mais eficiente. E o Palestra ampliou aos 21 minutos. Ap\u00f3s Tiago Volpi defender parcialmente chute de Wesley, Danilo encontrou Dudu na entrada da \u00e1rea, que bateu com precis\u00e3o, de direita, no \u00e2ngulo, para marcar 2 a 0.<\/p>\n<div class=\"twitter-tweet twitter-tweet-rendered\"><iframe id=\"twitter-widget-2\" class=\"\" title=\"Twitter Tweet\" src=\"https:\/\/platform.twitter.com\/embed\/Tweet.html?creatorScreenName=agenciabrasil&amp;dnt=false&amp;embedId=twitter-widget-2&amp;features=eyJ0ZndfZXhwZXJpbWVudHNfY29va2llX2V4cGlyYXRpb24iOnsiYnVja2V0IjoxMjA5NjAwLCJ2ZXJzaW9uIjpudWxsfSwidGZ3X2hvcml6b25fdHdlZXRfZW1iZWRfOTU1NSI6eyJidWNrZXQiOiJodGUiLCJ2ZXJzaW9uIjpudWxsfSwidGZ3X3NwYWNlX2NhcmQiOnsiYnVja2V0Ijoib2ZmIiwidmVyc2lvbiI6bnVsbH19&amp;frame=false&amp;hideCard=false&amp;hideThread=true&amp;id=1427816934461030405&amp;lang=pt&amp;origin=https%3A%2F%2Fagenciabrasil.ebc.com.br%2Fesportes%2Fnoticia%2F2021-08%2Fpalmeiras-vence-sao-paulo-e-esta-na-semifinal-da-libertadores&amp;sessionId=5f5bcee79e5839f4a05e39aa6b36e8dafcbc3da3&amp;siteScreenName=agenciabrasil&amp;theme=light&amp;widgetsVersion=1890d59c%3A1627936082797&amp;width=550px\" frameborder=\"0\" scrolling=\"no\" allowfullscreen=\"allowfullscreen\" data-tweet-id=\"1427816934461030405\" data-mce-fragment=\"1\"><\/iframe><\/div>\n<p>O Palmeiras tomou conta de vez do confronto, e chegou ao terceiro aos 32 minutos, quando o volante Patrick de Paula aproveitou sobra na entrada da \u00e1rea e chutou forte. A bola ainda desviou na defesa antes de entrar.<\/p>\n<p>Qualquer chance de virada foi por \u00e1gua abaixo aos 36 minutos, quando o atacante Vitor Bueno foi expulso ap\u00f3s entrar de sola no zagueiro Gustavo G\u00f3mez.<\/p>\n<div class=\"twitter-tweet twitter-tweet-rendered\"><iframe id=\"twitter-widget-3\" class=\"\" title=\"Twitter Tweet\" src=\"https:\/\/platform.twitter.com\/embed\/Tweet.html?creatorScreenName=agenciabrasil&amp;dnt=false&amp;embedId=twitter-widget-3&amp;features=eyJ0ZndfZXhwZXJpbWVudHNfY29va2llX2V4cGlyYXRpb24iOnsiYnVja2V0IjoxMjA5NjAwLCJ2ZXJzaW9uIjpudWxsfSwidGZ3X2hvcml6b25fdHdlZXRfZW1iZWRfOTU1NSI6eyJidWNrZXQiOiJodGUiLCJ2ZXJzaW9uIjpudWxsfSwidGZ3X3NwYWNlX2NhcmQiOnsiYnVja2V0Ijoib2ZmIiwidmVyc2lvbiI6bnVsbH19&amp;frame=false&amp;hideCard=false&amp;hideThread=false&amp;id=1427818101190574083&amp;lang=pt&amp;origin=https%3A%2F%2Fagenciabrasil.ebc.com.br%2Fesportes%2Fnoticia%2F2021-08%2Fpalmeiras-vence-sao-paulo-e-esta-na-semifinal-da-libertadores&amp;sessionId=5f5bcee79e5839f4a05e39aa6b36e8dafcbc3da3&amp;siteScreenName=agenciabrasil&amp;theme=light&amp;widgetsVersion=1890d59c%3A1627936082797&amp;width=550px\" frameborder=\"0\" scrolling=\"no\" allowfullscreen=\"allowfullscreen\" data-tweet-id=\"1427818101190574083\" data-mce-fragment=\"1\"><\/iframe><\/div>\n<p>Ap\u00f3s a classifica\u00e7\u00e3o na Libertadores, o Palmeiras volta a entrar em campo no pr\u00f3ximo domingo (22) contra o Cuiab\u00e1 pelo Campeonato Brasileiro. No mesmo dia o S\u00e3o Paulo visita o Sport em Recife.<\/p>\n<\/div>\n<p class=\"alt-font font-italic my-2 small text-info\">Edi\u00e7\u00e3o: F\u00e1bio Lisboa<\/p>\n","protected":false},"excerpt":{"rendered":"<p>O Palmeiras se tornou o primeiro time brasileiro nas semifinais da atual edi\u00e7\u00e3o da Copa Libertadores ap\u00f3s derrotar o S\u00e3o Paulo por 3 a 0, na noite desta ter\u00e7a-feira (17) no Allianz Parque. O Verd\u00e3o garantiu sua passagem gra\u00e7as a gols de Raphael Veiga, Dudu e Patrick de Paula. A classifica\u00e7\u00e3o do Palestra veio ap\u00f3s &hellip;<\/p>\n","protected":false},"author":3,"featured_media":62130,"comment_status":"open","ping_status":"open","sticky":false,"template":"","format":"standard","meta":{"footnotes":""},"categories":[464],"tags":[],"class_list":["post-62129","post","type-post","status-publish","format-standard","has-post-thumbnail","hentry","category-libertadores-da-america"],"_links":{"self":[{"href":"https:\/\/goiasemtempo.com.br\/home\/wp-json\/wp\/v2\/posts\/62129","targetHints":{"allow":["GET"]}}],"collection":[{"href":"https:\/\/goiasemtempo.com.br\/home\/wp-json\/wp\/v2\/posts"}],"about":[{"href":"https:\/\/goiasemtempo.com.br\/home\/wp-json\/wp\/v2\/types\/post"}],"author":[{"embeddable":true,"href":"https:\/\/goiasemtempo.com.br\/home\/wp-json\/wp\/v2\/users\/3"}],"replies":[{"embeddable":true,"href":"https:\/\/goiasemtempo.com.br\/home\/wp-json\/wp\/v2\/comments?post=62129"}],"version-history":[{"count":1,"href":"https:\/\/goiasemtempo.com.br\/home\/wp-json\/wp\/v2\/posts\/62129\/revisions"}],"predecessor-version":[{"id":62131,"href":"https:\/\/goiasemtempo.com.br\/home\/wp-json\/wp\/v2\/posts\/62129\/revisions\/62131"}],"wp:featuredmedia":[{"embeddable":true,"href":"https:\/\/goiasemtempo.com.br\/home\/wp-json\/wp\/v2\/media\/62130"}],"wp:attachment":[{"href":"https:\/\/goiasemtempo.com.br\/home\/wp-json\/wp\/v2\/media?parent=62129"}],"wp:term":[{"taxonomy":"category","embeddable":true,"href":"https:\/\/goiasemtempo.com.br\/home\/wp-json\/wp\/v2\/categories?post=62129"},{"taxonomy":"post_tag","embeddable":true,"href":"https:\/\/goiasemtempo.com.br\/home\/wp-json\/wp\/v2\/tags?post=62129"}],"curies":[{"name":"wp","href":"https:\/\/api.w.org\/{rel}","templated":true}]}}