{"id":61850,"date":"2021-08-01T18:04:34","date_gmt":"2021-08-01T18:04:34","guid":{"rendered":"http:\/\/goiasemtempo.com.br\/home\/?p=61850"},"modified":"2021-08-01T18:05:20","modified_gmt":"2021-08-01T18:05:20","slug":"brasil-atinge-marca-de-100-milhoes-de-pessoas-vacinadas-com-a-primeira-dose","status":"publish","type":"post","link":"https:\/\/goiasemtempo.com.br\/home\/brasil-atinge-marca-de-100-milhoes-de-pessoas-vacinadas-com-a-primeira-dose\/","title":{"rendered":"Brasil atinge marca de 100 milh\u00f5es de pessoas vacinadas com a primeira dose"},"content":{"rendered":"<section class=\"articlebody \" data-id=\"108\" data-m=\"{&quot;i&quot;:108,&quot;p&quot;:107,&quot;n&quot;:&quot;articlebody&quot;,&quot;y&quot;:6,&quot;o&quot;:1}\">O Brasil chegou a\u00a0<strong>100 milh\u00f5es de pessoas imunizadas ao menos com a primeira dose<\/strong>\u00a0da vacina contra a covid-19. De acordo com o Minist\u00e9rio da Sa\u00fade, mais de 62% da popula\u00e7\u00e3o j\u00e1 recebeu ao menos uma dose. \u201cEstamos cada vez mais pr\u00f3ximos de chegar na nossa meta: at\u00e9 setembro, 100% dos adultos estar\u00e3o vacinados com a primeira dose. E, at\u00e9 o final do ano, todos estar\u00e3o imunizados\u201d, afirmou o minist\u00e9rio, em nota \u00e0 imprensa.<span class=\"storyimage fullwidth inlineimage\" data-aop=\"image\"><span class=\"caption truncate\"><span class=\"attribution\">\u00a9 Governo de S\u00e3o Paulo\/ Fotos P\u00fablicas\/Divulga\u00e7\u00e3o<\/span>\u00a0Brasil chega a 100 milh\u00f5es de vacinados com a primeira dose<\/span><\/span>Ao mesmo tempo, o governo tem alertado a popula\u00e7\u00e3o sobre a import\u00e2ncia da\u00a0segunda\u00a0dose. O minist\u00e9rio lan\u00e7ou no in\u00edcio\u00a0de julho\u00a0uma campanha para incentivar as pessoas que j\u00e1 tomaram a primeira dose a procurarem os postos de sa\u00fade para completar o esquema vacinal.<\/p>\n<p>Nas redes sociais, o minist\u00e9rio ressalta a import\u00e2ncia de se vacinar: \u201cQuando chegar a sua vez, vacine j\u00e1!\u201d:<\/p>\n<p>O chefe da pasta, ministro Marcelo Queiroga defendeu que governo federal, estados e munic\u00edpios devem refor\u00e7ar a comunica\u00e7\u00e3o para estimular a procura das pessoas que j\u00e1 tomaram a primeira dose para que completem o ciclo dentro do prazo previsto. Em evento em Presidente Prudente (SP), Queiroga destacou o avan\u00e7o da vacina\u00e7\u00e3o contra covid-19 no pa\u00eds, e afirmou sua expectativa de cumprir a meta de vacinar todos os brasileiros acima de 18 anos at\u00e9 setembro.<\/p>\n<div id=\"aol_outstream_article\" data-bcid=\"56603651bbe5bf10d057f868\" data-id=\"110\" data-m=\"{&quot;i&quot;:110,&quot;p&quot;:108,&quot;n&quot;:&quot;aol-article-inlineOutstreamAd&quot;,&quot;t&quot;:&quot;AolInlineOutstreamAd&quot;,&quot;o&quot;:2}\">\n<div id=\"590760c31de5a10537b6f1b3\" class=\"vdb_player \">\n<div><\/div>\n<div id=\"vdb_46c74c83-be87-4190-a1a8-e5d60d6259b5\">\n<div><\/div>\n<\/div>\n<\/div>\n<\/div>\n<div id=\"imagebelowtmpl\"><\/div>\n<\/section>\n<section class=\"stb-flexvertical\" data-id=\"116\" data-m=\"{&quot;i&quot;:116,&quot;p&quot;:107,&quot;n&quot;:&quot;sharingtoolbar&quot;,&quot;y&quot;:6,&quot;o&quot;:2}\">\n<div class=\"stb-flex novig\" data-stickyviews=\"4\" data-stickytopmargin=\"20\">\n<div class=\"sharingtb\">\n<div class=\"stb-bsb novig\" data-aop=\"sharingtoolbar_social\" data-id=\"117\" data-m=\"{&quot;i&quot;:117,&quot;p&quot;:116,&quot;n&quot;:&quot;socialtoolbar&quot;,&quot;y&quot;:8,&quot;o&quot;:1}\"><\/div>\n<\/div>\n<\/div>\n<\/section>\n","protected":false},"excerpt":{"rendered":"<p>O Brasil chegou a\u00a0100 milh\u00f5es de pessoas imunizadas ao menos com a primeira dose\u00a0da vacina contra a covid-19. De acordo com o Minist\u00e9rio da Sa\u00fade, mais de 62% da popula\u00e7\u00e3o j\u00e1 recebeu ao menos uma dose. \u201cEstamos cada vez mais pr\u00f3ximos de chegar na nossa meta: at\u00e9 setembro, 100% dos adultos estar\u00e3o vacinados com a &hellip;<\/p>\n","protected":false},"author":3,"featured_media":61851,"comment_status":"open","ping_status":"open","sticky":false,"template":"","format":"standard","meta":{"_exactmetrics_skip_tracking":false,"_exactmetrics_sitenote_active":false,"_exactmetrics_sitenote_note":"","_exactmetrics_sitenote_category":0,"footnotes":""},"categories":[6,458],"tags":[],"_links":{"self":[{"href":"https:\/\/goiasemtempo.com.br\/home\/wp-json\/wp\/v2\/posts\/61850"}],"collection":[{"href":"https:\/\/goiasemtempo.com.br\/home\/wp-json\/wp\/v2\/posts"}],"about":[{"href":"https:\/\/goiasemtempo.com.br\/home\/wp-json\/wp\/v2\/types\/post"}],"author":[{"embeddable":true,"href":"https:\/\/goiasemtempo.com.br\/home\/wp-json\/wp\/v2\/users\/3"}],"replies":[{"embeddable":true,"href":"https:\/\/goiasemtempo.com.br\/home\/wp-json\/wp\/v2\/comments?post=61850"}],"version-history":[{"count":2,"href":"https:\/\/goiasemtempo.com.br\/home\/wp-json\/wp\/v2\/posts\/61850\/revisions"}],"predecessor-version":[{"id":61853,"href":"https:\/\/goiasemtempo.com.br\/home\/wp-json\/wp\/v2\/posts\/61850\/revisions\/61853"}],"wp:featuredmedia":[{"embeddable":true,"href":"https:\/\/goiasemtempo.com.br\/home\/wp-json\/wp\/v2\/media\/61851"}],"wp:attachment":[{"href":"https:\/\/goiasemtempo.com.br\/home\/wp-json\/wp\/v2\/media?parent=61850"}],"wp:term":[{"taxonomy":"category","embeddable":true,"href":"https:\/\/goiasemtempo.com.br\/home\/wp-json\/wp\/v2\/categories?post=61850"},{"taxonomy":"post_tag","embeddable":true,"href":"https:\/\/goiasemtempo.com.br\/home\/wp-json\/wp\/v2\/tags?post=61850"}],"curies":[{"name":"wp","href":"https:\/\/api.w.org\/{rel}","templated":true}]}}