{"id":61603,"date":"2021-07-20T19:35:30","date_gmt":"2021-07-20T19:35:30","guid":{"rendered":"http:\/\/goiasemtempo.com.br\/home\/?p=61603"},"modified":"2021-07-20T19:48:24","modified_gmt":"2021-07-20T19:48:24","slug":"novo-centro-administrativo-de-anapolis-sera-na-antiga-construcao-da-camara-municipal","status":"publish","type":"post","link":"https:\/\/goiasemtempo.com.br\/home\/novo-centro-administrativo-de-anapolis-sera-na-antiga-construcao-da-camara-municipal\/","title":{"rendered":"Novo Centro Administrativo de An\u00e1polis ser\u00e1 na antiga constru\u00e7\u00e3o da C\u00e2mara Municipal"},"content":{"rendered":"<p>Cinco anos ap\u00f3s ser paralisada, embargada e judicializada, a obra do pr\u00e9dio da Pra\u00e7a 31 de Julho, no setor central de An\u00e1polis, que seria destinada \u00e0 C\u00e2mara Municipal, ser\u00e1, enfim, retomada.<\/p>\n<p>O an\u00fancio foi feito na manh\u00e3 desta ter\u00e7a-feira, 20\/07, pelo prefeito Roberto Naves, dentro da programa\u00e7\u00e3o alusiva ao anivers\u00e1rio dos 114 anos de emancipa\u00e7\u00e3o da cidade.<\/p>\n<p>Na coletiva de imprensa, o prefeito Roberto Naves detalhou o cronograma de retomada. Segundo ele, inicialmente, foi contratada uma empresa especializada que realizou um estudo sobre as condi\u00e7\u00f5es estruturais do pr\u00e9dio. Esse estudo- disse- indicou a possibilidade de aproveitamento de cerca de 80% da estrutura.<\/p>\n<p>Ainda de acordo com Roberto Naves, a parte da \u201cpir\u00e2mide\u201d- onde seria o plen\u00e1rio (se o pr\u00e9dio fosse destinado ao Legislativo)- est\u00e1 condenada, deve fazer ali um aterramento. A parte de subsolo, onde estava previsto se fazer um estacionamento subterr\u00e2neo, tamb\u00e9m ser\u00e1 aterrada.<\/p>\n<p>Segundo o chefe do executivo ap\u00f3s os estudos t\u00e9cnicos, projetos e licita\u00e7\u00e3o p\u00fablica, em aproximadamente 180 dias as obras ser\u00e3o iniciadas. O valor total da obra ainda n\u00e3o foi divulgado oficialmente. Ser\u00e3o cerca de 6 mil metros quadrados de \u00e1rea constru\u00edda, com tr\u00eas pavimentos para abrigar setores administrativos. O subsolo n\u00e3o ser\u00e1 reaproveitado.<\/p>\n<p>\u201cVamos conseguir abrigar aqui, Secret\u00e1ria da Educa\u00e7\u00e3o, Sa\u00fade e Desenvolvimento Social, R\u00e1pido, Zap da Prefeitura e Diretoria de Habita\u00e7\u00e3o. O que gastarmos nessa obra, ser\u00e1 abatido em alugu\u00e9is. A economia ser\u00e1 aproximadamente de R$ 100 mil por m\u00eas. A previs\u00e3o \u00e9 que entre 18 e 24 meses esse pr\u00e9dio esteja funcionando.\u201d, afirmou Roberto Naves, em coletiva de imprensa.<\/p>\n<p>O projeto arquitet\u00f4nico, que foi apresentado na exibi\u00e7\u00e3o de um v\u00eddeo durante o evento, prev\u00ea que o pr\u00e9dio ir\u00e1 ganhar mais dois pavimentos, totalizando, ent\u00e3o, quatro pavimentos com o t\u00e9rreo.<\/p>\n<p>Roberto Naves adiantou que equipes da pr\u00f3pria prefeitura v\u00e3o desenvolver os projetos el\u00e9trico e hidr\u00e1ulico e os demais projetos ser\u00e3o colocados em licita\u00e7\u00e3o.<\/p>\n<p>A arquiteta respons\u00e1vel pela atualiza\u00e7\u00e3o da proposta de layout, Mar\u00edlia Resende, explicou que o Pal\u00e1cio Santana, que era utilizado como gabinete dos vereadores, ser\u00e1 demolido e passar\u00e1 a ser o estacionamento do novo Centro Administrativo. J\u00e1 a parte da edifica\u00e7\u00e3o, cujo visual se assemelha a uma pir\u00e2mide, foi redefinido e o que antes foi projetado para ser o plen\u00e1rio da C\u00e2mara Municipal, ap\u00f3s as adequa\u00e7\u00f5es ser\u00e1 um audit\u00f3rio com 408 lugares.<\/p>\n<p><strong>In\u00edcio<\/strong><\/p>\n<p>O prefeito estima um prazo de cerca de 180 dias para que a obra seja iniciada. O que deve ocorrer, provavelmente, no m\u00eas de janeiro do ano que vem.<\/p>\n<p>J\u00e1 a conclus\u00e3o da obra deve durar de 18 a 24 meses.<\/p>\n<p>Com rela\u00e7\u00e3o \u00e0 destina\u00e7\u00e3o do espa\u00e7o, Roberto Naves informou que a inten\u00e7\u00e3o \u00e9 levar parte do atendimento das secretarias de Integra\u00e7\u00e3o Social, de Sa\u00fade e de Educa\u00e7\u00e3o, bem como o R\u00e1pido do Jundia\u00ed, hoje funcionando em pr\u00e9dios alugados.<\/p>\n<p>Roberto Naves afian\u00e7ou que somente a economia com alugu\u00e9is deve ficar em torno de R$ 100 mil.<\/p>\n<p>O custo para o t\u00e9rmino da obra n\u00e3o foi definido, ainda, porque, de acordo com o prefeito, depende do t\u00e9rmino dos projetos. Contudo, ele frisou que An\u00e1polis tem condi\u00e7\u00f5es para buscar os recursos que forem necess\u00e1rios, devido a estar num patamar tranquilo em rela\u00e7\u00e3o ao endividamento.<\/p>\n<p>O presidente da C\u00e2mara Municipal, Leandro Ribeiro, enfatizou que a atitude do prefeito de retomar a obra paralisada \u00e9 uma atitude de \u201crespeito com o dinheiro p\u00fablico\u201d.<\/p>\n<p>Ele s\u00f3 lembrou que a C\u00e2mara Municipal n\u00e3o poderia ocupar aquele espa\u00e7o, porque uma das artes mais comprometidas, onde seria o plen\u00e1rio, n\u00e3o poder\u00e1 ser aproveitada.<\/p>\n<p><strong>Pal\u00e1cio 31 de Julho<\/strong><\/p>\n<p>Ao lado da obra abandonada, o Pal\u00e1cio Santana, que \u00e9 uma obra da d\u00e9cada de 70, ter\u00e1 que ser demolida parcialmente, porque teve a sua estrutura abalada.<\/p>\n<p>Conforme adiantou Roberto Naves, estudos s\u00e3o feito para que sejam aproveitados os arcos arquitet\u00f4nicos e que sejam demolidas as paredes j\u00e1 comprometida, sem possibilidade de reaproveitamento.<\/p>\n<p>C<em>om Ag\u00eancia de Not\u00edcias\/Claudius Brito\/Contexto\/Goi\u00e1s Em Tempo\/<\/em><\/p>\n<p><img decoding=\"async\" src=\"https:\/\/portalcontexto.com\/wp-content\/uploads\/2021\/07\/IMG_9264.jpg\" alt=\"Pr\u00e9dio da C\u00e3mara An\u00e1polis- Contexto\" \/><\/p>\n<div class=\"wp-block-image\"><img decoding=\"async\" src=\"https:\/\/portalcontexto.com\/wp-content\/uploads\/2021\/07\/IMG_9216.jpg\" \/><\/div>\n<div><\/div>\n<div><\/div>\n<div><\/div>\n<div><\/div>\n<div><img decoding=\"async\" src=\"https:\/\/uploads.emaisgoias.com.br\/2021\/07\/f7aca623-whatsapp-image-2021-07-20-at-12.56.39-960x640.jpeg\" alt=\"Obras do novo Centro Administrativo de An\u00e1polis ser\u00e3o iniciadas no pr\u00e9dio inacabado da C\u00e2mara Municipal - Mais Goi\u00e1s\" \/><\/div>\n<div><\/div>\n<div><\/div>\n","protected":false},"excerpt":{"rendered":"<p>Cinco anos ap\u00f3s ser paralisada, embargada e judicializada, a obra do pr\u00e9dio da Pra\u00e7a 31 de Julho, no setor central de An\u00e1polis, que seria destinada \u00e0 C\u00e2mara Municipal, ser\u00e1, enfim, retomada. O an\u00fancio foi feito na manh\u00e3 desta ter\u00e7a-feira, 20\/07, pelo prefeito Roberto Naves, dentro da programa\u00e7\u00e3o alusiva ao anivers\u00e1rio dos 114 anos de emancipa\u00e7\u00e3o &hellip;<\/p>\n","protected":false},"author":3,"featured_media":61605,"comment_status":"open","ping_status":"open","sticky":false,"template":"","format":"standard","meta":{"_exactmetrics_skip_tracking":false,"_exactmetrics_sitenote_active":false,"_exactmetrics_sitenote_note":"","_exactmetrics_sitenote_category":0,"footnotes":""},"categories":[18,19],"tags":[],"_links":{"self":[{"href":"https:\/\/goiasemtempo.com.br\/home\/wp-json\/wp\/v2\/posts\/61603"}],"collection":[{"href":"https:\/\/goiasemtempo.com.br\/home\/wp-json\/wp\/v2\/posts"}],"about":[{"href":"https:\/\/goiasemtempo.com.br\/home\/wp-json\/wp\/v2\/types\/post"}],"author":[{"embeddable":true,"href":"https:\/\/goiasemtempo.com.br\/home\/wp-json\/wp\/v2\/users\/3"}],"replies":[{"embeddable":true,"href":"https:\/\/goiasemtempo.com.br\/home\/wp-json\/wp\/v2\/comments?post=61603"}],"version-history":[{"count":1,"href":"https:\/\/goiasemtempo.com.br\/home\/wp-json\/wp\/v2\/posts\/61603\/revisions"}],"predecessor-version":[{"id":61604,"href":"https:\/\/goiasemtempo.com.br\/home\/wp-json\/wp\/v2\/posts\/61603\/revisions\/61604"}],"wp:featuredmedia":[{"embeddable":true,"href":"https:\/\/goiasemtempo.com.br\/home\/wp-json\/wp\/v2\/media\/61605"}],"wp:attachment":[{"href":"https:\/\/goiasemtempo.com.br\/home\/wp-json\/wp\/v2\/media?parent=61603"}],"wp:term":[{"taxonomy":"category","embeddable":true,"href":"https:\/\/goiasemtempo.com.br\/home\/wp-json\/wp\/v2\/categories?post=61603"},{"taxonomy":"post_tag","embeddable":true,"href":"https:\/\/goiasemtempo.com.br\/home\/wp-json\/wp\/v2\/tags?post=61603"}],"curies":[{"name":"wp","href":"https:\/\/api.w.org\/{rel}","templated":true}]}}