{"id":61589,"date":"2021-07-19T22:03:33","date_gmt":"2021-07-19T22:03:33","guid":{"rendered":"http:\/\/goiasemtempo.com.br\/home\/?p=61589"},"modified":"2021-07-19T22:03:33","modified_gmt":"2021-07-19T22:03:33","slug":"vendas-no-comercio-crescem-101-no-primeiro-semestre-diz-serasa","status":"publish","type":"post","link":"https:\/\/goiasemtempo.com.br\/home\/vendas-no-comercio-crescem-101-no-primeiro-semestre-diz-serasa\/","title":{"rendered":"Vendas no com\u00e9rcio crescem 10,1% no primeiro semestre, diz Serasa"},"content":{"rendered":"<div class=\"post-item-wrap\">\n<p>As vendas no com\u00e9rcio f\u00edsico brasileiro cresceram 10,1% no primeiro semestre deste ano em rela\u00e7\u00e3o ao mesmo per\u00edodo do ano passado, apontou o Indicador de Atividade do Com\u00e9rcio. Esse foi o maior crescimento semestral desde 2010, disse a Serasa Experian.<img decoding=\"async\" src=\"https:\/\/agenciabrasil.ebc.com.br\/ebc.png?id=1415809&amp;o=node\" \/><img decoding=\"async\" src=\"https:\/\/agenciabrasil.ebc.com.br\/ebc.gif?id=1415809&amp;o=node\" \/><\/p>\n<p>No entanto, segundo Luiz Rabi, economista da Serasa Experian, essa alta observada \u00e9 uma recupera\u00e7\u00e3o apenas parcial, \u201cpois n\u00e3o compensa a queda expressiva relacionada a pandemia em 2020\u201d.<\/p>\n<p>A alta foi puxada pelo setor de m\u00f3veis, eletrodom\u00e9sticos, eletroeletr\u00f4nicos e inform\u00e1tica, que cresceram 13,6% no per\u00edodo. J\u00e1 a retra\u00e7\u00e3o ocorreu principalmente nos setores de tecidos, vestu\u00e1rio, cal\u00e7ados e acess\u00f3rios, com queda de 6,5% no per\u00edodo.<\/p>\n<h2>Junho<\/h2>\n<p>No m\u00eas de junho, o Indicador de Atividade do Com\u00e9rcio da Serasa Experian teve alta de 1,1% frente ao m\u00eas anterior. O segmento de tecidos, vestu\u00e1rios, cal\u00e7ados e acess\u00f3rios teve um crescimento expressivo de 30,9%, o que impulsionou o cen\u00e1rio positivo do \u00edndice.<\/p>\n<p>\u201cCom o alto n\u00edvel de desemprego e a diminui\u00e7\u00e3o do aux\u00edlio emergencial, as pessoas ainda est\u00e3o seguindo o modelo de consumo por necessidade, o que afeta as vendas do varejo. A alta expressiva do setor de tecidos, vestu\u00e1rios, cal\u00e7ados e acess\u00f3rios pode estar ligada ao per\u00edodo de frio iniciado em junho, que refor\u00e7ou a demanda por esses itens\u201d, disse Rabi.<\/p>\n<\/div>\n<p class=\"alt-font font-italic my-2 small text-info\">Edi\u00e7\u00e3o: Val\u00e9ria Aguiar<\/p>\n","protected":false},"excerpt":{"rendered":"<p>As vendas no com\u00e9rcio f\u00edsico brasileiro cresceram 10,1% no primeiro semestre deste ano em rela\u00e7\u00e3o ao mesmo per\u00edodo do ano passado, apontou o Indicador de Atividade do Com\u00e9rcio. Esse foi o maior crescimento semestral desde 2010, disse a Serasa Experian. No entanto, segundo Luiz Rabi, economista da Serasa Experian, essa alta observada \u00e9 uma recupera\u00e7\u00e3o &hellip;<\/p>\n","protected":false},"author":3,"featured_media":61590,"comment_status":"open","ping_status":"open","sticky":false,"template":"","format":"standard","meta":{"footnotes":""},"categories":[4],"tags":[],"class_list":["post-61589","post","type-post","status-publish","format-standard","has-post-thumbnail","hentry","category-ultimas-noticias"],"_links":{"self":[{"href":"https:\/\/goiasemtempo.com.br\/home\/wp-json\/wp\/v2\/posts\/61589","targetHints":{"allow":["GET"]}}],"collection":[{"href":"https:\/\/goiasemtempo.com.br\/home\/wp-json\/wp\/v2\/posts"}],"about":[{"href":"https:\/\/goiasemtempo.com.br\/home\/wp-json\/wp\/v2\/types\/post"}],"author":[{"embeddable":true,"href":"https:\/\/goiasemtempo.com.br\/home\/wp-json\/wp\/v2\/users\/3"}],"replies":[{"embeddable":true,"href":"https:\/\/goiasemtempo.com.br\/home\/wp-json\/wp\/v2\/comments?post=61589"}],"version-history":[{"count":1,"href":"https:\/\/goiasemtempo.com.br\/home\/wp-json\/wp\/v2\/posts\/61589\/revisions"}],"predecessor-version":[{"id":61591,"href":"https:\/\/goiasemtempo.com.br\/home\/wp-json\/wp\/v2\/posts\/61589\/revisions\/61591"}],"wp:featuredmedia":[{"embeddable":true,"href":"https:\/\/goiasemtempo.com.br\/home\/wp-json\/wp\/v2\/media\/61590"}],"wp:attachment":[{"href":"https:\/\/goiasemtempo.com.br\/home\/wp-json\/wp\/v2\/media?parent=61589"}],"wp:term":[{"taxonomy":"category","embeddable":true,"href":"https:\/\/goiasemtempo.com.br\/home\/wp-json\/wp\/v2\/categories?post=61589"},{"taxonomy":"post_tag","embeddable":true,"href":"https:\/\/goiasemtempo.com.br\/home\/wp-json\/wp\/v2\/tags?post=61589"}],"curies":[{"name":"wp","href":"https:\/\/api.w.org\/{rel}","templated":true}]}}