{"id":61579,"date":"2021-07-19T21:30:32","date_gmt":"2021-07-19T21:30:32","guid":{"rendered":"http:\/\/goiasemtempo.com.br\/home\/?p=61579"},"modified":"2021-07-19T21:30:32","modified_gmt":"2021-07-19T21:30:32","slug":"ja-de-cabeca-raspada-dj-ivis-tem-pedido-de-habeas-corpus-negado-pela-justica","status":"publish","type":"post","link":"https:\/\/goiasemtempo.com.br\/home\/ja-de-cabeca-raspada-dj-ivis-tem-pedido-de-habeas-corpus-negado-pela-justica\/","title":{"rendered":"J\u00e1 de cabe\u00e7a raspada, DJ Ivis tem pedido de habeas corpus negado pela Justi\u00e7a"},"content":{"rendered":"<p>A\u00a0<strong>Justi\u00e7a<\/strong>\u00a0negou o pedido de habeas corpus de\u00a0<strong>DJ Ivis<\/strong>\u00a0no \u00faltimo s\u00e1bado (17) e o m\u00fasico seguir\u00e1 preso por tempo indeterminado \u00e0 disposi\u00e7\u00e3o do Poder Judici\u00e1rio.\u00a0<strong>Ivis<\/strong>\u00a0teve os cabelos raspados ao ser transferido para a Unidade Prisional Irm\u00e3 Imelda Lima Pontes, em Aquiraz, no Cear\u00e1. O pres\u00eddio de Aquiraz \u00e9 de seguran\u00e7a m\u00e1xima.<\/p>\n<p>A ex do\u00a0<strong>Dj Ivis<\/strong>,\u00a0<strong>Pamella Holanda,<\/strong>\u00a0que filmou as agress\u00f5es sofridas, afirmou em entrevista no\u00a0<a href=\"https:\/\/g1.globo.com\/fantastico\/\" target=\"_blank\" rel=\"noopener nofollow\"><strong>Fant\u00e1stico<\/strong><\/a>\u00a0do \u00faltimo domingo (18) que os epis\u00f3dios eram recorrentes.<\/p>\n<p>Segundo a influencer, a primeira agress\u00e3o aconteceu quando estava gr\u00e1vida. \u201cEu estava\u00a0<strong>gr\u00e1vida<\/strong>\u00a0de cinco para seis meses. Me segurou pelo pesco\u00e7o e foi me arrastando do corredor at\u00e9 o sof\u00e1\u201d, disse.<\/p>\n","protected":false},"excerpt":{"rendered":"<p>A\u00a0Justi\u00e7a\u00a0negou o pedido de habeas corpus de\u00a0DJ Ivis\u00a0no \u00faltimo s\u00e1bado (17) e o m\u00fasico seguir\u00e1 preso por tempo indeterminado \u00e0 disposi\u00e7\u00e3o do Poder Judici\u00e1rio.\u00a0Ivis\u00a0teve os cabelos raspados ao ser transferido para a Unidade Prisional Irm\u00e3 Imelda Lima Pontes, em Aquiraz, no Cear\u00e1. O pres\u00eddio de Aquiraz \u00e9 de seguran\u00e7a m\u00e1xima. A ex do\u00a0Dj Ivis,\u00a0Pamella Holanda,\u00a0que &hellip;<\/p>\n","protected":false},"author":3,"featured_media":61580,"comment_status":"open","ping_status":"open","sticky":false,"template":"","format":"standard","meta":{"_exactmetrics_skip_tracking":false,"_exactmetrics_sitenote_active":false,"_exactmetrics_sitenote_note":"","_exactmetrics_sitenote_category":0,"footnotes":""},"categories":[26],"tags":[],"_links":{"self":[{"href":"https:\/\/goiasemtempo.com.br\/home\/wp-json\/wp\/v2\/posts\/61579"}],"collection":[{"href":"https:\/\/goiasemtempo.com.br\/home\/wp-json\/wp\/v2\/posts"}],"about":[{"href":"https:\/\/goiasemtempo.com.br\/home\/wp-json\/wp\/v2\/types\/post"}],"author":[{"embeddable":true,"href":"https:\/\/goiasemtempo.com.br\/home\/wp-json\/wp\/v2\/users\/3"}],"replies":[{"embeddable":true,"href":"https:\/\/goiasemtempo.com.br\/home\/wp-json\/wp\/v2\/comments?post=61579"}],"version-history":[{"count":1,"href":"https:\/\/goiasemtempo.com.br\/home\/wp-json\/wp\/v2\/posts\/61579\/revisions"}],"predecessor-version":[{"id":61581,"href":"https:\/\/goiasemtempo.com.br\/home\/wp-json\/wp\/v2\/posts\/61579\/revisions\/61581"}],"wp:featuredmedia":[{"embeddable":true,"href":"https:\/\/goiasemtempo.com.br\/home\/wp-json\/wp\/v2\/media\/61580"}],"wp:attachment":[{"href":"https:\/\/goiasemtempo.com.br\/home\/wp-json\/wp\/v2\/media?parent=61579"}],"wp:term":[{"taxonomy":"category","embeddable":true,"href":"https:\/\/goiasemtempo.com.br\/home\/wp-json\/wp\/v2\/categories?post=61579"},{"taxonomy":"post_tag","embeddable":true,"href":"https:\/\/goiasemtempo.com.br\/home\/wp-json\/wp\/v2\/tags?post=61579"}],"curies":[{"name":"wp","href":"https:\/\/api.w.org\/{rel}","templated":true}]}}