{"id":61414,"date":"2021-07-08T13:48:17","date_gmt":"2021-07-08T13:48:17","guid":{"rendered":"http:\/\/goiasemtempo.com.br\/home\/?p=61414"},"modified":"2021-07-08T13:48:17","modified_gmt":"2021-07-08T13:48:17","slug":"nesta-quinta-8-primeira-dose-sera-restrita-a-trabalhadores-da-industria-de-anapolis","status":"publish","type":"post","link":"https:\/\/goiasemtempo.com.br\/home\/nesta-quinta-8-primeira-dose-sera-restrita-a-trabalhadores-da-industria-de-anapolis\/","title":{"rendered":"Nesta quinta, 8, primeira dose ser\u00e1 restrita a trabalhadores da ind\u00fastria de An\u00e1polis"},"content":{"rendered":"<p>Ap\u00f3s dois dias consecutivos com recorde na aplica\u00e7\u00e3o de primeira dose em An\u00e1polis \u2013 11.209 nesta ter\u00e7a e quarta-feira \u2013, a vacina\u00e7\u00e3o contra a Covid, nesta quinta-feira, 8, continua apenas para trabalhadores da ind\u00fastria, com idade entre 35 e 39 anos, que tenham sido cadastrados por lista enviada pelas empresas \u00e0 Secretaria Municipal de Sa\u00fade.<\/p>\n<p>Para se vacinar, o trabalhador precisa aguardar autoriza\u00e7\u00e3o do RH das ind\u00fastrias, que ser\u00e1 informado pela equipe de sa\u00fade sobre a data de in\u00edcio da imuniza\u00e7\u00e3o dos funcion\u00e1rios, que utiliza percentual pr\u00f3prio previsto no Plano Nacional de Imuniza\u00e7\u00e3o (PNI), do Minist\u00e9rio da Sa\u00fade, enquanto durarem as doses destinadas a este grupo. O local \u00e9 a CMTT, das 8h \u00e0s 16h.<\/p>\n<p>Neste mesmo hor\u00e1rio, quem precisa tomar a segunda dose, conforme data definida no cart\u00e3o de vacinas, pode se dirigir ao Banco de Leite e unidade de sa\u00fade Santa Maria de Nazareth (pedestre) ou unidade de sa\u00fade JK (drive-thru).<\/p>\n","protected":false},"excerpt":{"rendered":"<p>Ap\u00f3s dois dias consecutivos com recorde na aplica\u00e7\u00e3o de primeira dose em An\u00e1polis \u2013 11.209 nesta ter\u00e7a e quarta-feira \u2013, a vacina\u00e7\u00e3o contra a Covid, nesta quinta-feira, 8, continua apenas para trabalhadores da ind\u00fastria, com idade entre 35 e 39 anos, que tenham sido cadastrados por lista enviada pelas empresas \u00e0 Secretaria Municipal de Sa\u00fade. &hellip;<\/p>\n","protected":false},"author":3,"featured_media":61415,"comment_status":"open","ping_status":"open","sticky":false,"template":"","format":"standard","meta":{"_exactmetrics_skip_tracking":false,"_exactmetrics_sitenote_active":false,"_exactmetrics_sitenote_note":"","_exactmetrics_sitenote_category":0,"footnotes":""},"categories":[18,458],"tags":[],"_links":{"self":[{"href":"https:\/\/goiasemtempo.com.br\/home\/wp-json\/wp\/v2\/posts\/61414"}],"collection":[{"href":"https:\/\/goiasemtempo.com.br\/home\/wp-json\/wp\/v2\/posts"}],"about":[{"href":"https:\/\/goiasemtempo.com.br\/home\/wp-json\/wp\/v2\/types\/post"}],"author":[{"embeddable":true,"href":"https:\/\/goiasemtempo.com.br\/home\/wp-json\/wp\/v2\/users\/3"}],"replies":[{"embeddable":true,"href":"https:\/\/goiasemtempo.com.br\/home\/wp-json\/wp\/v2\/comments?post=61414"}],"version-history":[{"count":1,"href":"https:\/\/goiasemtempo.com.br\/home\/wp-json\/wp\/v2\/posts\/61414\/revisions"}],"predecessor-version":[{"id":61416,"href":"https:\/\/goiasemtempo.com.br\/home\/wp-json\/wp\/v2\/posts\/61414\/revisions\/61416"}],"wp:featuredmedia":[{"embeddable":true,"href":"https:\/\/goiasemtempo.com.br\/home\/wp-json\/wp\/v2\/media\/61415"}],"wp:attachment":[{"href":"https:\/\/goiasemtempo.com.br\/home\/wp-json\/wp\/v2\/media?parent=61414"}],"wp:term":[{"taxonomy":"category","embeddable":true,"href":"https:\/\/goiasemtempo.com.br\/home\/wp-json\/wp\/v2\/categories?post=61414"},{"taxonomy":"post_tag","embeddable":true,"href":"https:\/\/goiasemtempo.com.br\/home\/wp-json\/wp\/v2\/tags?post=61414"}],"curies":[{"name":"wp","href":"https:\/\/api.w.org\/{rel}","templated":true}]}}