{"id":61344,"date":"2021-07-04T17:54:21","date_gmt":"2021-07-04T17:54:21","guid":{"rendered":"http:\/\/goiasemtempo.com.br\/home\/?p=61344"},"modified":"2021-07-04T17:54:21","modified_gmt":"2021-07-04T17:54:21","slug":"homem-invade-condominio-em-goiania-e-furta-mais-de-r-75-mil-dolares-e-relogios","status":"publish","type":"post","link":"https:\/\/goiasemtempo.com.br\/home\/homem-invade-condominio-em-goiania-e-furta-mais-de-r-75-mil-dolares-e-relogios\/","title":{"rendered":"Homem invade condom\u00ednio em Goi\u00e2nia e furta mais de R$ 75 mil, d\u00f3lares e rel\u00f3gios"},"content":{"rendered":"<p>Um homem foi flagrado por c\u00e2meras de seguran\u00e7a ap\u00f3s invadir um pr\u00e9dio no<strong>\u00a0Jardim Goi\u00e1s<\/strong>, em\u00a0<a href=\"https:\/\/www.emaisgoias.com.br\/pesquisa\/?q=Goi%C3%A2nia\" target=\"_blank\" rel=\"noopener\"><strong>Goi\u00e2nia<\/strong><\/a>, e furtar pelo menos R$ 75 mil em esp\u00e9cie, d\u00f3lares e rel\u00f3gios. O caso ocorreu no \u00faltimo s\u00e1bado (3). As informa\u00e7\u00f5es s\u00e3o da\u00a0<strong><a href=\"https:\/\/www.pm.go.gov.br\/\" target=\"_blank\" rel=\"noopener\">Pol\u00edcia Militar<\/a><\/strong>\u00a0(PM).<\/p>\n<p>Nas imagens, o suspeito aparece com m\u00e1scara de prote\u00e7\u00e3o facial, \u00f3culos e aparelho celular nas m\u00e3os. Sem qualquer dificuldade, ele entra no condom\u00ednio, arromba um apartamento e realiza o furto. Momentos depois, a mesma c\u00e2mera de seguran\u00e7a registra a sa\u00edda dele do pr\u00e9dio.<\/p>\n<p>Segundo informa\u00e7\u00f5es da PM, o dono do apartamento<strong>\u00a0registrou boletim de ocorr\u00eancia<\/strong>\u00a0do furto. A v\u00edtima teria flagrado o suspeito armado dentro da resid\u00eancia. Ao perceber a presen\u00e7a do bandido, ela se trancou no banheiro.<\/p>\n","protected":false},"excerpt":{"rendered":"<p>Um homem foi flagrado por c\u00e2meras de seguran\u00e7a ap\u00f3s invadir um pr\u00e9dio no\u00a0Jardim Goi\u00e1s, em\u00a0Goi\u00e2nia, e furtar pelo menos R$ 75 mil em esp\u00e9cie, d\u00f3lares e rel\u00f3gios. O caso ocorreu no \u00faltimo s\u00e1bado (3). As informa\u00e7\u00f5es s\u00e3o da\u00a0Pol\u00edcia Militar\u00a0(PM). Nas imagens, o suspeito aparece com m\u00e1scara de prote\u00e7\u00e3o facial, \u00f3culos e aparelho celular nas m\u00e3os. &hellip;<\/p>\n","protected":false},"author":3,"featured_media":61345,"comment_status":"open","ping_status":"open","sticky":false,"template":"","format":"standard","meta":{"_exactmetrics_skip_tracking":false,"_exactmetrics_sitenote_active":false,"_exactmetrics_sitenote_note":"","_exactmetrics_sitenote_category":0,"footnotes":""},"categories":[4],"tags":[],"_links":{"self":[{"href":"https:\/\/goiasemtempo.com.br\/home\/wp-json\/wp\/v2\/posts\/61344"}],"collection":[{"href":"https:\/\/goiasemtempo.com.br\/home\/wp-json\/wp\/v2\/posts"}],"about":[{"href":"https:\/\/goiasemtempo.com.br\/home\/wp-json\/wp\/v2\/types\/post"}],"author":[{"embeddable":true,"href":"https:\/\/goiasemtempo.com.br\/home\/wp-json\/wp\/v2\/users\/3"}],"replies":[{"embeddable":true,"href":"https:\/\/goiasemtempo.com.br\/home\/wp-json\/wp\/v2\/comments?post=61344"}],"version-history":[{"count":1,"href":"https:\/\/goiasemtempo.com.br\/home\/wp-json\/wp\/v2\/posts\/61344\/revisions"}],"predecessor-version":[{"id":61346,"href":"https:\/\/goiasemtempo.com.br\/home\/wp-json\/wp\/v2\/posts\/61344\/revisions\/61346"}],"wp:featuredmedia":[{"embeddable":true,"href":"https:\/\/goiasemtempo.com.br\/home\/wp-json\/wp\/v2\/media\/61345"}],"wp:attachment":[{"href":"https:\/\/goiasemtempo.com.br\/home\/wp-json\/wp\/v2\/media?parent=61344"}],"wp:term":[{"taxonomy":"category","embeddable":true,"href":"https:\/\/goiasemtempo.com.br\/home\/wp-json\/wp\/v2\/categories?post=61344"},{"taxonomy":"post_tag","embeddable":true,"href":"https:\/\/goiasemtempo.com.br\/home\/wp-json\/wp\/v2\/tags?post=61344"}],"curies":[{"name":"wp","href":"https:\/\/api.w.org\/{rel}","templated":true}]}}