{"id":61156,"date":"2021-06-21T22:04:11","date_gmt":"2021-06-21T22:04:11","guid":{"rendered":"http:\/\/goiasemtempo.com.br\/home\/?p=61156"},"modified":"2021-06-21T22:04:11","modified_gmt":"2021-06-21T22:04:11","slug":"quero-sair-de-goias-e-do-df-disse-lazaro-barbosa-a-familia-feita-refem","status":"publish","type":"post","link":"https:\/\/goiasemtempo.com.br\/home\/quero-sair-de-goias-e-do-df-disse-lazaro-barbosa-a-familia-feita-refem\/","title":{"rendered":"\u2018Quero sair de Goi\u00e1s e do DF\u2019, disse L\u00e1zaro Barbosa \u00e0 fam\u00edlia feita ref\u00e9m"},"content":{"rendered":"<p>O serial killer\u00a0<a tabindex=\"0\" href=\"https:\/\/istoe.com.br\/tag\/lazaro-barbosa-souza\/\" target=\"_blank\" rel=\"noopener\" data-id=\"149\" data-m=\"{&quot;i&quot;:149,&quot;p&quot;:109,&quot;n&quot;:&quot;partnerLink&quot;,&quot;y&quot;:24,&quot;o&quot;:30}\"><strong>L\u00e1zaro Barbosa<\/strong><\/a>\u00a0teria dito que queria sair de Goi\u00e1s e do Distrito Federal, enquanto\u00a0<a tabindex=\"0\" href=\"https:\/\/istoe.com.br\/lazaro-barbosa-tem-ritual-e-ia-matar-familia-feita-refem-em-go-diz-secretario\/\" target=\"_blank\" rel=\"noopener\" data-id=\"150\" data-m=\"{&quot;i&quot;:150,&quot;p&quot;:109,&quot;n&quot;:&quot;partnerLink&quot;,&quot;y&quot;:24,&quot;o&quot;:31}\">fazia uma fam\u00edlia ref\u00e9m em Cocalzinho de Goi\u00e1s (GO)<\/a>. A m\u00e3e, o pai e a filha ficaram por quase duas horas em poder do criminoso, na \u00faltima ter\u00e7a-feira (15).<\/p>\n<p>A fam\u00edlia foi resgatada pela pol\u00edcia durante a tarde de ter\u00e7a-feira, ap\u00f3s a adolescente conseguir enviar uma mensagem para um policial pedindo socorro. A pol\u00edcia fez buscas pr\u00f3ximo ao c\u00f3rrego, inclusive de helic\u00f3ptero.<\/p>\n<p>\u201cA\u00ed tinha hora que ele j\u00e1 falava assim: \u2018a hora que ele parar de avoar, eu vou deixar voc\u00eas e vou seguir. Mas \u00e9 para voc\u00eas mandar uma mensagem para eles, para os policiais, que eu quero sair do Goi\u00e1s e do DF. Enquanto eles n\u00e3o deixar, eu vou continuar fazendo isso que eu estou fazendo com voc\u00eas\u2019\u201d, contou o pai em entrevista ao Fant\u00e1stico.<\/p>\n<p>Quando a pol\u00edcia encontrou L\u00e1zaro e os ref\u00e9ns, houve troca de tiros. O serial killer feriu um policial e conseguiu escapar. O agente foi atendido e liberado em seguida e a fam\u00edlia foi resgatada.<\/p>\n<h4>Hist\u00f3rico de L\u00e1zaro Barbosa<\/h4>\n<p>H\u00e1 13 dias, mais de 200 policiais participam das buscas pelo serial killer. As a\u00e7\u00f5es s\u00e3o comandadas pela Secretaria de Seguran\u00e7a P\u00fablica de Goi\u00e1s (SSP-GO), com a ajuda de equipes do DF e das Pol\u00edcias Federal e Rodovi\u00e1ria Federal.<\/p>\n<div class=\"EvHIeT4o\">\n<p>L\u00e1zaro j\u00e1 possui uma condena\u00e7\u00e3o por homic\u00eddio, na Bahia, e \u00e9 tamb\u00e9m procurado no DF e em Goi\u00e1s por crimes de roubo, estupro e porte ilegal de arma de fogo. Ele foi preso em 2009, mas conseguiu fugir do Complexo Penitenci\u00e1rio da Papuda, no Distrito Federal, em 2016. \u00c0 \u00e9poca, n\u00e3o retornou da sa\u00edda tempor\u00e1ria de P\u00e1scoa. Em 2018, ele foi detido novamente, desta vez em \u00c1guas Lindas de Goi\u00e1s, mas escapou da pris\u00e3o poucos meses depois.<\/p>\n<\/div>\n<p>O homem que a pol\u00edcia persegue \u00e9 acusado de<a tabindex=\"0\" href=\"https:\/\/istoe.com.br\/suspeito-de-matar-uma-familia-atira-em-outras-quatro-pessoas-e-ateia-fogo-em-casa\/\" target=\"_blank\" rel=\"noopener\" data-id=\"171\" data-m=\"{&quot;i&quot;:171,&quot;p&quot;:109,&quot;n&quot;:&quot;partnerLink&quot;,&quot;y&quot;:24,&quot;o&quot;:52}\">\u00a0matar, a tiros e facadas, tr\u00eas pessoas na zona rural de Ceil\u00e2ndia<\/a>, no \u00faltimo dia 9. Os mortos eram Cl\u00e1udio Vidal de Oliveira, de 48 anos, e os filhos Gustavo Marques Vidal, de 21, e Carlos Eduardo Marques Vidal, de 15. O foragido tamb\u00e9m \u00e9 apontado como respons\u00e1vel pelo sequestro da mulher de Cl\u00e1udio, Cleonice Marques de Andrade, de 43 anos. O corpo dela foi encontrado no dia 12 \u00e0 beira de um c\u00f3rrego.<\/p>\n<p>L\u00e1zaro tamb\u00e9m \u00e9 investigado como<a tabindex=\"0\" href=\"https:\/\/istoe.com.br\/lazaro-barbosa-e-investigado-por-matar-caseiro-quatro-dias-antes-de-chacina-em-ceilandia\/\" target=\"_blank\" rel=\"noopener\" data-id=\"172\" data-m=\"{&quot;i&quot;:172,&quot;p&quot;:109,&quot;n&quot;:&quot;partnerLink&quot;,&quot;y&quot;:24,&quot;o&quot;:53}\">\u00a0suspeito da morte de um caseiro<\/a>\u00a0de uma fazenda no distrito de Girassol, em Cocalzinho de Goi\u00e1s, no \u00faltimo dia 5.\u00a0Durante a fuga dos \u00faltimos dias, L\u00e1zaro invadiu ch\u00e1caras, furtou um carro e o abandonou na BR-070,\u00a0fez uma fam\u00edlia ref\u00e9m\u00a0e<a tabindex=\"0\" href=\"https:\/\/istoe.com.br\/lazaro-barbosa-consegue-fugir-de-novo-da-policia-apos-tiroteio-ele-pode-estar-ferido\/\" target=\"_blank\" rel=\"noopener\" data-id=\"173\" data-m=\"{&quot;i&quot;:173,&quot;p&quot;:109,&quot;n&quot;:&quot;partnerLink&quot;,&quot;y&quot;:24,&quot;o&quot;:54}\">\u00a0trocou tiros com a pol\u00edcia<\/a>.<\/p>\n","protected":false},"excerpt":{"rendered":"<p>O serial killer\u00a0L\u00e1zaro Barbosa\u00a0teria dito que queria sair de Goi\u00e1s e do Distrito Federal, enquanto\u00a0fazia uma fam\u00edlia ref\u00e9m em Cocalzinho de Goi\u00e1s (GO). A m\u00e3e, o pai e a filha ficaram por quase duas horas em poder do criminoso, na \u00faltima ter\u00e7a-feira (15). A fam\u00edlia foi resgatada pela pol\u00edcia durante a tarde de ter\u00e7a-feira, ap\u00f3s &hellip;<\/p>\n","protected":false},"author":3,"featured_media":61157,"comment_status":"open","ping_status":"open","sticky":false,"template":"","format":"standard","meta":{"footnotes":""},"categories":[4],"tags":[],"class_list":["post-61156","post","type-post","status-publish","format-standard","has-post-thumbnail","hentry","category-ultimas-noticias"],"_links":{"self":[{"href":"https:\/\/goiasemtempo.com.br\/home\/wp-json\/wp\/v2\/posts\/61156","targetHints":{"allow":["GET"]}}],"collection":[{"href":"https:\/\/goiasemtempo.com.br\/home\/wp-json\/wp\/v2\/posts"}],"about":[{"href":"https:\/\/goiasemtempo.com.br\/home\/wp-json\/wp\/v2\/types\/post"}],"author":[{"embeddable":true,"href":"https:\/\/goiasemtempo.com.br\/home\/wp-json\/wp\/v2\/users\/3"}],"replies":[{"embeddable":true,"href":"https:\/\/goiasemtempo.com.br\/home\/wp-json\/wp\/v2\/comments?post=61156"}],"version-history":[{"count":1,"href":"https:\/\/goiasemtempo.com.br\/home\/wp-json\/wp\/v2\/posts\/61156\/revisions"}],"predecessor-version":[{"id":61158,"href":"https:\/\/goiasemtempo.com.br\/home\/wp-json\/wp\/v2\/posts\/61156\/revisions\/61158"}],"wp:featuredmedia":[{"embeddable":true,"href":"https:\/\/goiasemtempo.com.br\/home\/wp-json\/wp\/v2\/media\/61157"}],"wp:attachment":[{"href":"https:\/\/goiasemtempo.com.br\/home\/wp-json\/wp\/v2\/media?parent=61156"}],"wp:term":[{"taxonomy":"category","embeddable":true,"href":"https:\/\/goiasemtempo.com.br\/home\/wp-json\/wp\/v2\/categories?post=61156"},{"taxonomy":"post_tag","embeddable":true,"href":"https:\/\/goiasemtempo.com.br\/home\/wp-json\/wp\/v2\/tags?post=61156"}],"curies":[{"name":"wp","href":"https:\/\/api.w.org\/{rel}","templated":true}]}}