{"id":61129,"date":"2021-06-19T16:18:30","date_gmt":"2021-06-19T16:18:30","guid":{"rendered":"http:\/\/goiasemtempo.com.br\/home\/?p=61129"},"modified":"2021-06-19T16:18:30","modified_gmt":"2021-06-19T16:18:30","slug":"medicos-defendem-uso-de-remedios-como-cloroquina-e-ivermectina-a-cpi","status":"publish","type":"post","link":"https:\/\/goiasemtempo.com.br\/home\/medicos-defendem-uso-de-remedios-como-cloroquina-e-ivermectina-a-cpi\/","title":{"rendered":"M\u00e9dicos defendem uso de rem\u00e9dios como cloroquina e ivermectina \u00e0 CPI"},"content":{"rendered":"<p>Os m\u00e9dicos Ricardo Ariel Zimerman e Francisco Eduardo Cardoso Alves defenderam nesta 6\u00aa feira (18.jun.2021) o uso de rem\u00e9dios como a ivermectina e a cloroquina como uma forma de tratamento precoce para a covid-19 \u00e0 CPI (Comiss\u00e3o Parlamentar de Inqu\u00e9rito) da Covid no Senado.<\/p>\n<p><em>Por exemplo, s\u00f3 em rela\u00e7\u00e3o \u00e0 ivermectina, n\u00f3s temos, no m\u00ednimo, cinco revis\u00f5es tem\u00e1ticas com metan\u00e1lise. A mais recente, com 19 ensaios cl\u00ednicos randomizados, sendo nove duplos-cegos, mostrando uma redu\u00e7\u00e3o de 85% na mortalidade, com a ivermectina, em pacientes com Covid leve a moderada\u201d<\/em>, declarou Zimerman em seu discurso inicial.<\/p>\n<p>Francisco Eduardo criticou o que chamou de politiza\u00e7\u00e3o do uso ou n\u00e3o dos rem\u00e9dios contra covid. A partir da defesa feita por Jair Bolsonaro da cloroquina por exemplo, opositores t\u00eam criticado quem tamb\u00e9m defende o chamado tratamento precoce.<\/p>\n<div id=\"aol_outstream_article\" data-bcid=\"56603651bbe5bf10d057f868\" data-id=\"111\" data-m=\"{&quot;i&quot;:111,&quot;p&quot;:109,&quot;n&quot;:&quot;aol-article-inlineOutstreamAd&quot;,&quot;t&quot;:&quot;AolInlineOutstreamAd&quot;,&quot;o&quot;:2}\">\n<div id=\"590760c31de5a10537b6f1b3\" class=\"vdb_player \">\n<div><em>\u201cM\u00e9dicos renomados, dedicados, que tentavam explicar o absurdo disso come\u00e7aram a ser taxados de negacionistas, obscurantistas, termos ofensivos que podem at\u00e9 caber numa seara de lide pol\u00edtica, mas jamais deveriam estar presentes no sistema de sa\u00fade. Era uma fal\u00e1cia absolutamente sem sentido. Os que negavam o tratamento, em plena demonstra\u00e7\u00e3o de sinaliza\u00e7\u00e3o de virtude, chamavam os m\u00e9dicos que tratavam os doentes de negacionistas.\u201d<\/em><\/div>\n<\/div>\n<\/div>\n<div>\n<div id=\"maincontent\">\n<div id=\"content\" class=\"content\"><main id=\"main\" role=\"main\" data-region=\"main\" data-id=\"104\" data-m=\"{&quot;i&quot;:104,&quot;n&quot;:&quot;main&quot;,&quot;y&quot;:6}\"><\/p>\n<article class=\"articlecontent allowvig loaded\" data-id=\"107\" data-m=\"{&quot;i&quot;:107,&quot;p&quot;:104,&quot;n&quot;:&quot;article&quot;,&quot;y&quot;:6,&quot;o&quot;:3}\" data-nativead-placements=\"article_aside:3;singlecard1:1;singlecard2:1;singlecard3:1;singlecard4:1;singlecard5:1;singlecard6:1;singlecard7:1;singlecard8:1;singlecard9:1;singlecard10:1;singlecard11:1;\">\n<section class=\"flexarticle\" data-id=\"108\" data-m=\"{&quot;i&quot;:108,&quot;p&quot;:107,&quot;n&quot;:&quot;flexarticle&quot;,&quot;y&quot;:6,&quot;o&quot;:1}\">\n<section class=\"articlebody   \" data-id=\"109\" data-m=\"{&quot;i&quot;:109,&quot;p&quot;:108,&quot;n&quot;:&quot;articlebody&quot;,&quot;y&quot;:6,&quot;o&quot;:1}\"><em>\u201cA hidroxicloroquina, quando usada num sistema de sa\u00fade p\u00fablico, como o iraniano, que \u00e9 parecido com o nosso, at\u00e9 com centraliza\u00e7\u00e3o e prontu\u00e1rio eletr\u00f4nico de mais de 90% dos atendidos no SUS iraniano\u2026 Em estudo, agora, publicado recentemente, 27 mil iranianos avaliados, quem recebeu hidroxicloroquina, teve letalidade de 73% a menos \u2013 73% a menos\u201d<\/em>, afirmou Zimerman.<\/p>\n<p>Pela 1\u00aa vez na CPI, o relator da comiss\u00e3o,\u00a0<a tabindex=\"0\" href=\"https:\/\/eleicoes.poder360.com.br\/candidato\/799668#2018\" target=\"_blank\" rel=\"noopener\" data-id=\"112\" data-m=\"{&quot;i&quot;:112,&quot;p&quot;:109,&quot;n&quot;:&quot;partnerLink&quot;,&quot;y&quot;:24,&quot;o&quot;:3}\">Renan Calheiros<\/a>\u00a0(MDB-AL), se recusou a questionar os convidados. A recusa foi em protesto \u00e0 fala do presidente Jair Bolsonaro em sua live da 5\u00aa feira (17.jun).\u00a0 O presidente disse que se infectar com a doen\u00e7a \u00e9 mais eficaz que as vacinas.<\/p>\n<p>O relator e o vice-presidente da comiss\u00e3o, Randolfe Rodrigues (Rede-AP), sa\u00edram da comiss\u00e3o antes dos depoimentos. Senadores governistas, que s\u00e3o maioria presencialmente na reuni\u00e3o, protestaram e pediram que fosse designado um relator substituto, mas a demanda foi negada. Tamb\u00e9m alegaram que Renan n\u00e3o tratou assim outros convidados especialistas e que j\u00e1 teria sua senten\u00e7a pronta.<\/p>\n<p><em>\u201cO senhor ouviu mas n\u00e3o quer question\u00e1-los; deveria question\u00e1-los. Deveria\u2026O.k., n\u00e3o quero lhe obrigar, mas s\u00e3o dois pesos e duas medida (\u2026) Aqui tem cientistas, aqui tem m\u00e9dicos que tratam pacientes\u201d<\/em>, disse Lu\u00eds Carlos Heinze (PP-RS).<\/p>\n<p>O senador questionou a forma como o relator tratou os convidados citando os cientistas Natalia Pasternak e Cl\u00e1udio Maierovitch. Nessa reuni\u00e3o, quando ambos\u00a0<a tabindex=\"0\" href=\"https:\/\/www.poder360.com.br\/congresso\/negacionismo-do-governo-mata-diz-cientista-a-cpi\/\" target=\"_blank\" rel=\"noopener\" data-id=\"113\" data-m=\"{&quot;i&quot;:113,&quot;p&quot;:109,&quot;n&quot;:&quot;partnerLink&quot;,&quot;y&quot;:24,&quot;o&quot;:4}\">responsabilizaram<\/a>\u00a0o governo federal pelas milhares de mortes de covid-19 no pa\u00eds, Renan fez um longo interrogat\u00f3rio, lendo perguntas em um papel impresso como sempre tem feito na CPI.<\/p>\n<p>Em suas exposi\u00e7\u00f5es, os m\u00e9dicos convidados desta 6\u00aa feira afirmaram que existem estudos cient\u00edficos de alto padr\u00e3o que corroboram a tese do tratamento precoce. H\u00e1 uma semana (11.jun), a cientista Nat\u00e1lia Pasternak e o ex-presidente da Anvisa (Ag\u00eancia Nacional de Vigil\u00e2ncia Sanit\u00e1ria) Cl\u00e1udio Maierovitch disseram o oposto \u00e0 CPI.<\/p>\n<p><em>\u201c[H\u00e1] um estudo muito completo, publicado tamb\u00e9m no meio do ano passado, onde foi avaliada a a\u00e7\u00e3o da cloroquina nas c\u00e9lulas gen\u00e9ricas, nas c\u00e9lulas do trato respirat\u00f3rio, em animais, em combina\u00e7\u00e3o ou n\u00e3o com azitromicina, de todas as maneiras que os senhores podem imaginar [\u2026] N\u00e3o funciona em c\u00e9lulas do trato respirat\u00f3rio, n\u00e3o funciona em camundongos, n\u00e3o funciona em macacos, e tamb\u00e9m j\u00e1 sabemos que n\u00e3o funciona em humanos.\u00a0<\/em><em>Senhores, a cloroquina j\u00e1 foi testada em tudo! A gente testou em animais, a gente testou em humanos. A gente s\u00f3 n\u00e3o testou em emas, porque as emas fugiram, mas, no resto, a gente testou em tudo, e n\u00e3o funcionou<\/em><em>\u201d, afirmou Pasternak.<\/em><\/p>\n<p>Ricardo Ariel Zimerman e Francisco Eduardo Cardoso Alves se disseram contra o chamado \u201ckit covid\u201d. Afirmaram que \u00e9 preciso receitar os medicamentos corretos para cada pessoa. Eles defenderam o uso de rem\u00e9dios sem efic\u00e1cia comprovada, como a cloroquina e a ivermectina.<\/p>\n<p><em>\u201cQuem defende a medicina n\u00e3o pode defender autotratamento ou o kit covid. Eu, inclusive, desconhe\u00e7o esse termo kit covid, porque o que eu vejo sendo falado como kit covid, pra mim, \u00e9 algo que eu n\u00e3o fa\u00e7o na minha pr\u00e1tica cl\u00ednica, e todo mundo que trata paciente com covid n\u00e3o faz. Pacientes t\u00eam que ter o m\u00e9dico ali, do lado, o dia inteiro\u201d<\/em>, declarou Francisco.<\/p>\n<p>Os m\u00e9dicos tamb\u00e9m foram questionados sobre o estudo no Amazonas, usando cloroquina, que matou 11 pessoas. O MPF (Minist\u00e9rio P\u00fablico Federal)\u00a0<a tabindex=\"0\" href=\"https:\/\/www.poder360.com.br\/coronavirus\/mpf-investiga-estudo-com-cloroquina-depois-da-morte-de-11-pacientes\/\" target=\"_blank\" rel=\"noopener\" data-id=\"114\" data-m=\"{&quot;i&quot;:114,&quot;p&quot;:109,&quot;n&quot;:&quot;partnerLink&quot;,&quot;y&quot;:24,&quot;o&quot;:5}\">abriu<\/a>\u00a0inqu\u00e9rito para apurar o fato em abril. Os convidados da CPI disseram que nesse estudo foram utilizadas doses muito mais altas que as recomendadas.<\/p>\n<h2>Quem s\u00e3o os m\u00e9dicos<\/h2>\n<p>Ricardo Arial Zimerman \u00e9 graduado em medicina pela Universidade Federal do Rio Grande do Sul, fez resid\u00eancia em infectologia e atualmente \u00e9 m\u00e9dico da Santa Casa de Miseric\u00f3rdia de Porto Alegre e m\u00e9dico executivo do servi\u00e7o de Controle de Infec\u00e7\u00e3o do Hospital da Brigada militar de Porto Alegre.<\/p>\n<p>J\u00e1\u00a0<a tabindex=\"0\" href=\"https:\/\/www.linkedin.com\/in\/francisco-eduardo-cardoso-alves-624143121\/\" target=\"_blank\" rel=\"noopener\" data-id=\"115\" data-m=\"{&quot;i&quot;:115,&quot;p&quot;:109,&quot;n&quot;:&quot;partnerLink&quot;,&quot;y&quot;:24,&quot;o&quot;:6}\">Francisco Eduardo Cardoso Alves<\/a> \u00e9 m\u00e9dico formado pela UFRJ (Universidade Federal do Rio de Janeiro) com resid\u00eancia m\u00e9dica em Infectologia e atua\u00e7\u00e3o majorit\u00e1ria na \u00e1rea cl\u00ednica em doen\u00e7as cl\u00ednicas, infectocontagiosas, parasit\u00e1rias e tropicais al\u00e9m de diagn\u00f3stico m\u00e9dico em geral, atuando em consult\u00f3rio, ambulat\u00f3rio, enfermaria, emerg\u00eancia e terapia intensiva. Atualmente atua como consultor e palestrante em temas relacionados a covid-19.<\/p>\n<\/section>\n<\/section>\n<\/article>\n<p><\/main><\/div>\n<\/div>\n<div class=\"normalsection\" role=\"region\" data-section-id=\"oneriversection\">\n<div class=\"full-width\">\n<div class=\"sectioncontent\" data-region=\"oneriversection_section\">\n<div id=\"oneriverajax\" class=\"show\" data-first-page-ajax-url=\"\/pt-br\/noticias\/oneriverajax?xd-name=ArticlePageOneRiver&amp;startIndex=0&amp;count=25&amp;contentId=AALcebE&amp;page-mode=Normal&amp;pageIndex=0&amp;pvid=e92ae89419c64a1f91f61953d584c6d8&amp;rnd-mode=Flexible\" data-service-page-data=\"{&quot;cc&quot;:25,&quot;pci&quot;:&quot;AALcebE&quot;,&quot;pageMode&quot;:&quot;Normal&quot;,&quot;excl&quot;:[],&quot;exclcss&quot;:[],&quot;excljs&quot;:[],&quot;rcc&quot;:0,&quot;p&quot;:0}\" data-dist-first-page=\"2000\">\n<div class=\"oneriverpage\" data-js=\"\/\/static-entertainment-eus-s-msn-com.akamaized.net\/pt-br\/noticias\/_sc\/js\/d7cb56b9-aea40793\/direction=ltr.locales=generic-generic.themes=start.dpi=resolution1x\/2d-d73afb-892ace9\/ff-f4f6da-68ddb2ab\/4c-b97298-68ddb2ab?ver=20210617_21873297&amp;fdhead=msnallexpusers,muidflt12cf,muidflt17cf,muidflt26cf,muidflt48cf,muidflt300cf,muidflt301cf,muidflt313cf,bmergemed,jacbrconfiantc,audexhz3cf,compliancehz1cf,vid-bingmm-c,1s-bing-news,vebudumu04302020,bbh20200521msn,shophp1cf,1s-brsageimglb1,prg-1sw-ctindicc,prg-1sw-expandc,msnsapphire1cf,1s-winblis,1s-winblisp1,prg-adspeek,prg-sync-wea2,prg-entdsh,prg-entdash,1s-feedcachectl,prg-win-ad&amp;csopd=20201118012035&amp;csopdb=20210614160551\" data-css=\"\/\/static-entertainment-eus-s-msn-com.akamaized.net\/pt-br\/noticias\/_sc\/css\/d7cb56b9-6dec1356\/direction=ltr.locales=generic-generic.themes=start.dpi=resolution1x\/f5-5c0439-ecdc80c3\/9c-ab9525-ebb81256\/7d-a8907f-df02ef6a\/de-0ae0e7-ae503b62?ver=20210617_21873297&amp;fdhead=msnallexpusers,muidflt12cf,muidflt17cf,muidflt26cf,muidflt48cf,muidflt300cf,muidflt301cf,muidflt313cf,bmergemed,jacbrconfiantc,audexhz3cf,compliancehz1cf,vid-bingmm-c,1s-bing-news,vebudumu04302020,bbh20200521msn,shophp1cf,1s-brsageimglb1,prg-1sw-ctindicc,prg-1sw-expandc,msnsapphire1cf,1s-winblis,1s-winblisp1,prg-adspeek,prg-sync-wea2,prg-entdsh,prg-entdash,1s-feedcachectl,prg-win-ad&amp;csopd=20201118012035&amp;csopdb=20210614160551\" data-ajax-xd-id=\"AAtEZ2j\">\n<div class=\"normalsection show\" role=\"region\" data-section-id=\"oneriver.main\">\n<div class=\"full-width\">\n<div class=\"sectioncontent\" data-region=\"oneriver.main_section\">\n<div id=\"riversection\" class=\"oneriver populated\" data-module-id=\"ArticlePageOneRiver|oneriver.main|section|oneriver.module|oneriver.module\" data-service-page-data=\"{&quot;npsurl&quot;:&quot;https:\/\/api.msn.com:443\/msn\/Feed\/me?$top=25&amp;$skip=25&amp;$select=sourceId&amp;contentType=article,video,slideshow&amp;query=Not%c3%adcias&amp;ocid=views-redesign-verticalor&amp;apikey=0QfOX3Vn51YCzitbLaRkTTBadtWpgTN8NZLW0C1SEM&amp;activityId=b3bc1cad-0573-4b69-87fc-37dfd4f6d5ca&amp;market=pt-br&amp;fdhead=1s-bing-news,1s-brsageimglb1,1s-feedcachectl,1s-winblis,1s-winblisp1,prg-1sw-ctindicc,prg-1sw-expandc,prg-adspeek,prg-entdash,prg-entdsh,prg-sync-wea2,prg-win-ad&amp;timeOut=1000&quot;,&quot;cc&quot;:25,&quot;ipqsp&quot;:&quot;&amp;xd-name=ArticlePageOneRiver&amp;startIndex=0&amp;count=25&amp;contentId=AALcebE&amp;page-mode=Normal&amp;pageIndex=0&amp;pvid=e92ae89419c64a1f91f61953d584c6d8&amp;rnd-mode=Flexible&amp;telemetrystartindex=199&amp;ver=20210617_21873297&quot;,&quot;pci&quot;:&quot;AALcebE&quot;,&quot;pageMode&quot;:&quot;Normal&quot;,&quot;excl&quot;:[&quot;AALdBQl&quot;,&quot;AALcXdY&quot;,&quot;AALcZee&quot;,&quot;AALdvc6&quot;,&quot;AALdj2K&quot;,&quot;AALcebE&quot;,&quot;AALcF1G&quot;,&quot;AALchPz&quot;,&quot;AALcjmQ&quot;,&quot;AALdnHu&quot;,&quot;AALdkZO&quot;,&quot;AALbZEd&quot;,&quot;AALc8bQ&quot;,&quot;AALdzmv&quot;,&quot;AALcv73&quot;,&quot;AALc1jz&quot;,&quot;AALccu8&quot;,&quot;AALcooy&quot;,&quot;AALbZh2&quot;,&quot;AALcj39&quot;,&quot;AALdmHM&quot;,&quot;AALclJ3&quot;,&quot;AALbWEX&quot;,&quot;AALc53Z&quot;,&quot;AALbCFS&quot;],&quot;exclcss&quot;:[54702371,-1917159379,1610284228],&quot;excljs&quot;:[54702371,-1917159379,246664348],&quot;rcc&quot;:33,&quot;p&quot;:1,&quot;pvid&quot;:&quot;e92ae89419c64a1f91f61953d584c6d8&quot;}\" data-modules-request=\"{&quot;Regions&quot;:[{&quot;Type&quot;:&quot;section&quot;,&quot;Key&quot;:&quot;oneriver.main&quot;,&quot;Modules&quot;:[{&quot;Type&quot;:&quot;oneriver.module&quot;,&quot;Key&quot;:&quot;oneriver.module&quot;,&quot;StreamCount&quot;:0,&quot;StreamPagingOffset&quot;:0,&quot;StreamIsBatching&quot;:false}]}],&quot;TrackingStartIndex&quot;:0}\" data-pag-set=\"{&quot;eis&quot;:true,&quot;rt&quot;:5000,&quot;prt&quot;:20000,&quot;dfb&quot;:3500,&quot;rspa&quot;:2,&quot;mpr&quot;:-1}\" data-next-page-ajax-url=\"\/pt-br\/noticias\/oneriverajaxpage?xd-name=ArticlePageOneRiver&amp;startIndex=33&amp;count=25&amp;contentId=AALcebE&amp;page-mode=Normal&amp;pageIndex=1&amp;pvid=e92ae89419c64a1f91f61953d584c6d8&amp;rnd-mode=Flexible&amp;telemetrystartindex=199&amp;ver=20210617_21873297\" data-region=\"oneriver.module_oneriver.module\" data-id=\"200\" data-m=\"{&quot;i&quot;:200,&quot;p&quot;:0,&quot;n&quot;:&quot;river_content&quot;,&quot;y&quot;:8,&quot;o&quot;:1}\">\n<div class=\"rc-item-js rc-item show\" data-supported-sizes=\"[{&quot;i&quot;:&quot;?h=350&amp;w=624&amp;m=6&amp;q=60&amp;u=t&amp;o=t&amp;l=f&amp;f=jpg&amp;x=501&amp;y=319&quot;,&quot;n&quot;:&quot;RiverCard1uDoubleWide&quot;},{&quot;i&quot;:&quot;?h=174&amp;w=300&amp;m=6&amp;q=60&amp;u=t&amp;o=t&amp;l=f&amp;f=jpg&amp;x=501&amp;y=319&quot;,&quot;n&quot;:&quot;RiverCardPhoto&quot;}]\">\n<div class=\"rc rcp\" data-id=\"215\" data-m=\"{&quot;i&quot;:215,&quot;p&quot;:0,&quot;n&quot;:&quot;RiverCardPhoto&quot;,&quot;y&quot;:13,&quot;l&quot;:&quot;AALcXdY&quot;,&quot;h&quot;:0,&quot;v&quot;:&quot;news&quot;,&quot;c&quot;:&quot;newsbrazil&quot;,&quot;o&quot;:3,&quot;f&quot;:&quot;Y_354d8324-14b3-4938-99da-4c7ae8a61395&quot;}\" data-template-name=\"RiverCardPhoto\"><\/div>\n<\/div>\n<\/div>\n<\/div>\n<\/div>\n<\/div>\n<\/div>\n<\/div>\n<\/div>\n<\/div>\n<\/div>\n<\/div>\n","protected":false},"excerpt":{"rendered":"<p>Os m\u00e9dicos Ricardo Ariel Zimerman e Francisco Eduardo Cardoso Alves defenderam nesta 6\u00aa feira (18.jun.2021) o uso de rem\u00e9dios como a ivermectina e a cloroquina como uma forma de tratamento precoce para a covid-19 \u00e0 CPI (Comiss\u00e3o Parlamentar de Inqu\u00e9rito) da Covid no Senado. Por exemplo, s\u00f3 em rela\u00e7\u00e3o \u00e0 ivermectina, n\u00f3s temos, no m\u00ednimo, &hellip;<\/p>\n","protected":false},"author":3,"featured_media":61130,"comment_status":"open","ping_status":"open","sticky":false,"template":"","format":"standard","meta":{"_exactmetrics_skip_tracking":false,"_exactmetrics_sitenote_active":false,"_exactmetrics_sitenote_note":"","_exactmetrics_sitenote_category":0,"footnotes":""},"categories":[16],"tags":[],"_links":{"self":[{"href":"https:\/\/goiasemtempo.com.br\/home\/wp-json\/wp\/v2\/posts\/61129"}],"collection":[{"href":"https:\/\/goiasemtempo.com.br\/home\/wp-json\/wp\/v2\/posts"}],"about":[{"href":"https:\/\/goiasemtempo.com.br\/home\/wp-json\/wp\/v2\/types\/post"}],"author":[{"embeddable":true,"href":"https:\/\/goiasemtempo.com.br\/home\/wp-json\/wp\/v2\/users\/3"}],"replies":[{"embeddable":true,"href":"https:\/\/goiasemtempo.com.br\/home\/wp-json\/wp\/v2\/comments?post=61129"}],"version-history":[{"count":1,"href":"https:\/\/goiasemtempo.com.br\/home\/wp-json\/wp\/v2\/posts\/61129\/revisions"}],"predecessor-version":[{"id":61131,"href":"https:\/\/goiasemtempo.com.br\/home\/wp-json\/wp\/v2\/posts\/61129\/revisions\/61131"}],"wp:featuredmedia":[{"embeddable":true,"href":"https:\/\/goiasemtempo.com.br\/home\/wp-json\/wp\/v2\/media\/61130"}],"wp:attachment":[{"href":"https:\/\/goiasemtempo.com.br\/home\/wp-json\/wp\/v2\/media?parent=61129"}],"wp:term":[{"taxonomy":"category","embeddable":true,"href":"https:\/\/goiasemtempo.com.br\/home\/wp-json\/wp\/v2\/categories?post=61129"},{"taxonomy":"post_tag","embeddable":true,"href":"https:\/\/goiasemtempo.com.br\/home\/wp-json\/wp\/v2\/tags?post=61129"}],"curies":[{"name":"wp","href":"https:\/\/api.w.org\/{rel}","templated":true}]}}