{"id":60958,"date":"2021-06-09T16:59:20","date_gmt":"2021-06-09T16:59:20","guid":{"rendered":"https:\/\/goiasemtempo.com.br\/home\/?p=60958"},"modified":"2021-06-09T17:01:40","modified_gmt":"2021-06-09T17:01:40","slug":"empresarios-lancam-nova-entidade-em-evento-com-bolsonaro-em-anapolis","status":"publish","type":"post","link":"https:\/\/goiasemtempo.com.br\/home\/empresarios-lancam-nova-entidade-em-evento-com-bolsonaro-em-anapolis\/","title":{"rendered":"Empres\u00e1rios lan\u00e7am nova entidade em evento com Bolsonaro em An\u00e1polis"},"content":{"rendered":"<p>Cerca de 30 entidades patronais do Estado lan\u00e7am nesta quarta-feira (9\/6), \u00e0s 14 horas, em An\u00e1polis, a Federa\u00e7\u00e3o das Associa\u00e7\u00f5es Empreendedoras, Comerciais, Industriais, de Servi\u00e7os, de Tecnologia, de Turismo e do Terceiro Setor do Estado de Goi\u00e1s (Faciest). O evento deve contar com a participa\u00e7\u00e3o do presidente Jair Bolsonaro, que visitar\u00e1 a igreja evang\u00e9lica Church in Connection, na cidade.<\/p>\n<p>O presidente da Faciest, Rubens Fileti, negou que a entidade tenha v\u00ednculos pol\u00edticos. \u201cA federa\u00e7\u00e3o n\u00e3o \u00e9 uma entidade que vai ser rotulada. Ela n\u00e3o nasce com r\u00f3tulo de partido de presidente. Fizemos essa articula\u00e7\u00e3o para que o lan\u00e7amento fosse na presen\u00e7a de Bolsonaro para mostrar a ele que nasce uma entidade nova e qual seu prop\u00f3sito. (\u2026) N\u00e3o estaremos ali pra receber uma ben\u00e7\u00e3o do presidente, mas sim aproveitar o momento para mostrar nossa for\u00e7a\u201d, afirmou.<\/p>\n<p>Segundo Fileti, a entidade surge como alternativa \u00e0 Federa\u00e7\u00e3o das Associa\u00e7\u00f5es Comerciais, Industriais, Empresariais e Agropecu\u00e1rias do Estado (Facieg), da qual a Associa\u00e7\u00e3o Comercial, Industrial e de Servi\u00e7os de Goi\u00e1s (Acieg) se desfiliou em dezembro de 2019. A nova entidade tem entre as filiadas as associa\u00e7\u00f5es dos Hospitais Privados de Alta Complexidade (Ahpaceg), dos Lojistas do Flamboyant Shopping Center (Aslof), a Associa\u00e7\u00e3o Empresarial da Regi\u00e3o da 44 (AER 44) e a Associa\u00e7\u00e3o Brasileira de Bares e Restaurantes (Abrasel).<\/p>\n<p>\u201cAlgumas entidades estavam se sentindo soltas e n\u00e3o representadas. N\u00f3s nos unimos em 2020 e ap\u00f3s um planejamento, chegamos nessa associa\u00e7\u00e3o. A nossa ruptura com a Facieg veio em 2019, depois que a Acieg resolveu sair porque n\u00e3o tinha o foco nas entidades de classe. Nosso principal motivo de sa\u00edda foi a n\u00e3o converg\u00eancia de ideias do rumo que a Facieg estava seguindo. Ent\u00e3o, n\u00f3s estamos dando apoio \u00e0quelas que n\u00e3o se sentiam representadas e abarcando novas entidades que nunca tiveram a quem recorrer. Viemos para acelerar a retomada econ\u00f4mica em Goi\u00e1s \u201c, pontuou Rubens.<\/p>\n<p>O governador de Goi\u00e1s, Ronaldo Caiado, n\u00e3o tem agenda para acompanhar o evento em An\u00e1polis. Segundo Rubens, a Faciest j\u00e1 foi apresentada a ele. \u201cA primeira pessoa que apresentamos a federa\u00e7\u00e3o foi o Caiado, que de imediato abra\u00e7ou todos os seus membros. Tivemos a informa\u00e7\u00e3o que, por um conflito de agenda, ele n\u00e3o poder\u00e1 estar conosco\u201d, disse Fileti.<\/p>\n<p>O lan\u00e7amento da Faciest acontece no Aeroporto de An\u00e1polis e acontece junto com a entrega de propostas dos empres\u00e1rios para a Reforma Tribut\u00e1ria e sobre a cria\u00e7\u00e3o da Contribui\u00e7\u00e3o Social sobre Opera\u00e7\u00f5es com Bens e Servi\u00e7os (CBS).<\/p>\n<p>Com Ag\u00eancia de Not\u00edcias\/Sagres\/<\/p>\n","protected":false},"excerpt":{"rendered":"<p>Cerca de 30 entidades patronais do Estado lan\u00e7am nesta quarta-feira (9\/6), \u00e0s 14 horas, em An\u00e1polis, a Federa\u00e7\u00e3o das Associa\u00e7\u00f5es Empreendedoras, Comerciais, Industriais, de Servi\u00e7os, de Tecnologia, de Turismo e do Terceiro Setor do Estado de Goi\u00e1s (Faciest). O evento deve contar com a participa\u00e7\u00e3o do presidente Jair Bolsonaro, que visitar\u00e1 a igreja evang\u00e9lica Church &hellip;<\/p>\n","protected":false},"author":3,"featured_media":60959,"comment_status":"open","ping_status":"open","sticky":false,"template":"","format":"standard","meta":{"footnotes":""},"categories":[18,15,19],"tags":[],"class_list":["post-60958","post","type-post","status-publish","format-standard","has-post-thumbnail","hentry","category-anapolis","category-goias","category-manchete"],"_links":{"self":[{"href":"https:\/\/goiasemtempo.com.br\/home\/wp-json\/wp\/v2\/posts\/60958","targetHints":{"allow":["GET"]}}],"collection":[{"href":"https:\/\/goiasemtempo.com.br\/home\/wp-json\/wp\/v2\/posts"}],"about":[{"href":"https:\/\/goiasemtempo.com.br\/home\/wp-json\/wp\/v2\/types\/post"}],"author":[{"embeddable":true,"href":"https:\/\/goiasemtempo.com.br\/home\/wp-json\/wp\/v2\/users\/3"}],"replies":[{"embeddable":true,"href":"https:\/\/goiasemtempo.com.br\/home\/wp-json\/wp\/v2\/comments?post=60958"}],"version-history":[{"count":2,"href":"https:\/\/goiasemtempo.com.br\/home\/wp-json\/wp\/v2\/posts\/60958\/revisions"}],"predecessor-version":[{"id":60961,"href":"https:\/\/goiasemtempo.com.br\/home\/wp-json\/wp\/v2\/posts\/60958\/revisions\/60961"}],"wp:featuredmedia":[{"embeddable":true,"href":"https:\/\/goiasemtempo.com.br\/home\/wp-json\/wp\/v2\/media\/60959"}],"wp:attachment":[{"href":"https:\/\/goiasemtempo.com.br\/home\/wp-json\/wp\/v2\/media?parent=60958"}],"wp:term":[{"taxonomy":"category","embeddable":true,"href":"https:\/\/goiasemtempo.com.br\/home\/wp-json\/wp\/v2\/categories?post=60958"},{"taxonomy":"post_tag","embeddable":true,"href":"https:\/\/goiasemtempo.com.br\/home\/wp-json\/wp\/v2\/tags?post=60958"}],"curies":[{"name":"wp","href":"https:\/\/api.w.org\/{rel}","templated":true}]}}