{"id":60433,"date":"2021-05-03T23:15:40","date_gmt":"2021-05-03T23:15:40","guid":{"rendered":"http:\/\/goiasemtempo.com.br\/home\/?p=60433"},"modified":"2021-05-03T23:15:40","modified_gmt":"2021-05-03T23:15:40","slug":"prefeitura-de-anapolis-lanca-neste-terca-campanha-do-agasalho","status":"publish","type":"post","link":"https:\/\/goiasemtempo.com.br\/home\/prefeitura-de-anapolis-lanca-neste-terca-campanha-do-agasalho\/","title":{"rendered":"Prefeitura de An\u00e1polis lan\u00e7a, neste ter\u00e7a, Campanha do Agasalho"},"content":{"rendered":"<p>A Prefeitura de An\u00e1polis, por meio da Secretaria de Integra\u00e7\u00e3o Social, Esporte e Cultura, lan\u00e7a, na manh\u00e3 desta ter\u00e7a-feira, 4, a Campanha do Agasalho. A iniciativa \u00e9 sensibilizar a popula\u00e7\u00e3o sobre a import\u00e2ncia de doar roupas de frio e cobertores. Cerca de 12 postos de coleta est\u00e3o espalhados pelo munic\u00edpio para receber as doa\u00e7\u00f5es.<\/p>\n<p>Todos os itens ser\u00e3o distribu\u00eddos para institui\u00e7\u00f5es filantr\u00f3picas, como comunidades terap\u00eauticas, entidades de longa perman\u00eancia para idosos e crian\u00e7as e pessoas em situa\u00e7\u00e3o de rua. O munic\u00edpio j\u00e1 adquiriu 4.260 cobertores.<\/p>\n<p>As pessoas interessadas em contribuir t\u00eam at\u00e9 o final de julho para realizar essa contribui\u00e7\u00e3o. \u201cO envolvimento de toda a popula\u00e7\u00e3o viabiliza o atendimento das fam\u00edlias vulner\u00e1veis que, em baixas temperaturas, precisam deste gesto\u201d, afirma a primeira-dama da cidade Vivian Naves. Em 2020, 108 institui\u00e7\u00f5es foram ajudadas.<\/p>\n<p>A secret\u00e1ria de Integra\u00e7\u00e3o Social, Esporte e Cultura, Andrea Lins, lembra que An\u00e1polis tem tradi\u00e7\u00e3o na campanha. \u201cIniciamos mais uma campanha do agasalho, a qual \u00e9 destaque em nosso munic\u00edpio. Contamos com importantes parceiros e seguimos incentivando a popula\u00e7\u00e3o para que, juntos, possamos esquentar os dias frios das fam\u00edlias referenciadas por nossa secretaria\u201d, diz Andrea.<\/p>\n","protected":false},"excerpt":{"rendered":"<p>A Prefeitura de An\u00e1polis, por meio da Secretaria de Integra\u00e7\u00e3o Social, Esporte e Cultura, lan\u00e7a, na manh\u00e3 desta ter\u00e7a-feira, 4, a Campanha do Agasalho. A iniciativa \u00e9 sensibilizar a popula\u00e7\u00e3o sobre a import\u00e2ncia de doar roupas de frio e cobertores. Cerca de 12 postos de coleta est\u00e3o espalhados pelo munic\u00edpio para receber as doa\u00e7\u00f5es. Todos &hellip;<\/p>\n","protected":false},"author":3,"featured_media":60434,"comment_status":"open","ping_status":"open","sticky":false,"template":"","format":"standard","meta":{"_exactmetrics_skip_tracking":false,"_exactmetrics_sitenote_active":false,"_exactmetrics_sitenote_note":"","_exactmetrics_sitenote_category":0,"footnotes":""},"categories":[18],"tags":[],"_links":{"self":[{"href":"https:\/\/goiasemtempo.com.br\/home\/wp-json\/wp\/v2\/posts\/60433"}],"collection":[{"href":"https:\/\/goiasemtempo.com.br\/home\/wp-json\/wp\/v2\/posts"}],"about":[{"href":"https:\/\/goiasemtempo.com.br\/home\/wp-json\/wp\/v2\/types\/post"}],"author":[{"embeddable":true,"href":"https:\/\/goiasemtempo.com.br\/home\/wp-json\/wp\/v2\/users\/3"}],"replies":[{"embeddable":true,"href":"https:\/\/goiasemtempo.com.br\/home\/wp-json\/wp\/v2\/comments?post=60433"}],"version-history":[{"count":1,"href":"https:\/\/goiasemtempo.com.br\/home\/wp-json\/wp\/v2\/posts\/60433\/revisions"}],"predecessor-version":[{"id":60435,"href":"https:\/\/goiasemtempo.com.br\/home\/wp-json\/wp\/v2\/posts\/60433\/revisions\/60435"}],"wp:featuredmedia":[{"embeddable":true,"href":"https:\/\/goiasemtempo.com.br\/home\/wp-json\/wp\/v2\/media\/60434"}],"wp:attachment":[{"href":"https:\/\/goiasemtempo.com.br\/home\/wp-json\/wp\/v2\/media?parent=60433"}],"wp:term":[{"taxonomy":"category","embeddable":true,"href":"https:\/\/goiasemtempo.com.br\/home\/wp-json\/wp\/v2\/categories?post=60433"},{"taxonomy":"post_tag","embeddable":true,"href":"https:\/\/goiasemtempo.com.br\/home\/wp-json\/wp\/v2\/tags?post=60433"}],"curies":[{"name":"wp","href":"https:\/\/api.w.org\/{rel}","templated":true}]}}