{"id":60386,"date":"2021-04-30T18:06:24","date_gmt":"2021-04-30T18:06:24","guid":{"rendered":"http:\/\/goiasemtempo.com.br\/home\/?p=60386"},"modified":"2021-04-30T18:06:24","modified_gmt":"2021-04-30T18:06:24","slug":"lei-que-estabelece-maconha-medicinal-em-goiania-e-promulgada","status":"publish","type":"post","link":"https:\/\/goiasemtempo.com.br\/home\/lei-que-estabelece-maconha-medicinal-em-goiania-e-promulgada\/","title":{"rendered":"Lei que estabelece maconha medicinal em Goi\u00e2nia \u00e9 promulgada"},"content":{"rendered":"<p>O presidente da\u00a0<strong>C\u00e2mara Municipal de Goi\u00e2nia<\/strong>, Rom\u00e1rio Policarpo (Patriota), assinou\u00a0<strong>promulga\u00e7\u00e3o<\/strong>\u00a0da lei 10.611 que estabelece\u00a0<strong>pol\u00edtica p\u00fablica e distribui\u00e7\u00e3o de maconha medicinal em Goi\u00e2nia<\/strong>. Os vereadores\u00a0<a href=\"https:\/\/www.emaisgoias.com.br\/camara-derruba-veto-e-autoriza-distribuicao-de-medicamentos-a-base-de-cannabis\/\" target=\"_blank\" rel=\"noopener\">derrubaram<strong>\u00a0veto total<\/strong>\u00a0do\u00a0<strong>ex-prefeito Iris Rezende<\/strong>\u00a0(MDB)<\/a>\u00a0em vota\u00e7\u00e3o realizada no dia 7 de abril. Foram 22 votos favor\u00e1veis ao relat\u00f3rio da ex-vereadora Dra. Cristina, que na\u00a0<strong>Comiss\u00e3o de Constitui\u00e7\u00e3o e Justi\u00e7a<\/strong>\u00a0(CCJ) \u2013 ainda no ano passado \u2013, deu parecer pela retirada do veto.<\/p>\n<p>O projeto de lei estabelece que\u00a0<a href=\"https:\/\/www.emaisgoias.com.br\/familias-goianas-lutam-pelo-acesso-a-maconha-medicinal\/\" target=\"_blank\" rel=\"noopener\">pacientes goianienses<\/a>\u00a0ter\u00e3o o direto de receber gratuitamente do poder p\u00fablico medicamentos nacionais ou importados a base de cannabis que contenham em sua f\u00f3ruma o canabidiol (CBD) e tetrahidrocanabinol, desde que autorizado por ordem judicial ou pela Ag\u00eancia Nacional de Vigil\u00e2ncia Sanit\u00e1ria (Anvisa).<\/p>\n<div>\n<p>Para o recebimento do medicamento, o paciente deve ter prescri\u00e7\u00e3o m\u00e9dica com laudo das raz\u00f5es da prescri\u00e7\u00e3o. Al\u00e9m disso, \u00e9 preciso que o caso seja prescrito na Classifica\u00e7\u00e3o Internacional de Doen\u00e7as e Problemas Relacionados \u00e0 Sa\u00fade. Tamb\u00e9m a viabilidade em detrimento \u00e0s alternativas terap\u00eauticas j\u00e1 disponibilizadas pelo Sistema \u00danico de Sa\u00fade (SUS).<\/p>\n<p>A lei tamb\u00e9m estabelece que o poder p\u00fablico pode celebrar conv\u00eanios com\u00a0<a href=\"https:\/\/www.emaisgoias.com.br\/goias-pode-dominar-producao-de-maconha-para-fins-medicinais-diz-fundador-de-associacao\/\" target=\"_blank\" rel=\"noopener\">organiza\u00e7\u00f5es sem fins lucrativos<\/a>\u00a0representativas de pacientes para promo\u00e7\u00e3o de f\u00f3runs, semin\u00e1rios e campanhas para conhecimento da popula\u00e7\u00e3o sobre a maconha medicinal.<\/p>\n<h2>Tratamento<\/h2>\n<p>Na justificativa, o autor do projeto, o vereador Lucas Kit\u00e3o (PSL), aponta que o objetivo \u00e9 adequar Goi\u00e2nia aos padr\u00f5es e refer\u00eancias internacionais, como em Israel, Canad\u00e1 e Estados Unidos, proporcionando acesso \u00e0 sa\u00fade e atendimento adequados a portadores de epilepsia, transtorno do espectro autista, esclerose, Alzheimer e fibromialgia, entre outras.<\/p>\n<div><\/div>\n<\/div>\n","protected":false},"excerpt":{"rendered":"<p>O presidente da\u00a0C\u00e2mara Municipal de Goi\u00e2nia, Rom\u00e1rio Policarpo (Patriota), assinou\u00a0promulga\u00e7\u00e3o\u00a0da lei 10.611 que estabelece\u00a0pol\u00edtica p\u00fablica e distribui\u00e7\u00e3o de maconha medicinal em Goi\u00e2nia. Os vereadores\u00a0derrubaram\u00a0veto total\u00a0do\u00a0ex-prefeito Iris Rezende\u00a0(MDB)\u00a0em vota\u00e7\u00e3o realizada no dia 7 de abril. Foram 22 votos favor\u00e1veis ao relat\u00f3rio da ex-vereadora Dra. Cristina, que na\u00a0Comiss\u00e3o de Constitui\u00e7\u00e3o e Justi\u00e7a\u00a0(CCJ) \u2013 ainda no ano passado &hellip;<\/p>\n","protected":false},"author":3,"featured_media":60387,"comment_status":"open","ping_status":"open","sticky":false,"template":"","format":"standard","meta":{"_exactmetrics_skip_tracking":false,"_exactmetrics_sitenote_active":false,"_exactmetrics_sitenote_note":"","_exactmetrics_sitenote_category":0,"footnotes":""},"categories":[7],"tags":[],"_links":{"self":[{"href":"https:\/\/goiasemtempo.com.br\/home\/wp-json\/wp\/v2\/posts\/60386"}],"collection":[{"href":"https:\/\/goiasemtempo.com.br\/home\/wp-json\/wp\/v2\/posts"}],"about":[{"href":"https:\/\/goiasemtempo.com.br\/home\/wp-json\/wp\/v2\/types\/post"}],"author":[{"embeddable":true,"href":"https:\/\/goiasemtempo.com.br\/home\/wp-json\/wp\/v2\/users\/3"}],"replies":[{"embeddable":true,"href":"https:\/\/goiasemtempo.com.br\/home\/wp-json\/wp\/v2\/comments?post=60386"}],"version-history":[{"count":1,"href":"https:\/\/goiasemtempo.com.br\/home\/wp-json\/wp\/v2\/posts\/60386\/revisions"}],"predecessor-version":[{"id":60388,"href":"https:\/\/goiasemtempo.com.br\/home\/wp-json\/wp\/v2\/posts\/60386\/revisions\/60388"}],"wp:featuredmedia":[{"embeddable":true,"href":"https:\/\/goiasemtempo.com.br\/home\/wp-json\/wp\/v2\/media\/60387"}],"wp:attachment":[{"href":"https:\/\/goiasemtempo.com.br\/home\/wp-json\/wp\/v2\/media?parent=60386"}],"wp:term":[{"taxonomy":"category","embeddable":true,"href":"https:\/\/goiasemtempo.com.br\/home\/wp-json\/wp\/v2\/categories?post=60386"},{"taxonomy":"post_tag","embeddable":true,"href":"https:\/\/goiasemtempo.com.br\/home\/wp-json\/wp\/v2\/tags?post=60386"}],"curies":[{"name":"wp","href":"https:\/\/api.w.org\/{rel}","templated":true}]}}