{"id":60287,"date":"2021-04-24T20:21:29","date_gmt":"2021-04-24T20:21:29","guid":{"rendered":"http:\/\/goiasemtempo.com.br\/home\/?p=60287"},"modified":"2021-04-24T20:26:03","modified_gmt":"2021-04-24T20:26:03","slug":"morre-menina-de-6-anos-agredida-por-mae-e-madrasta-em-porto-real","status":"publish","type":"post","link":"https:\/\/goiasemtempo.com.br\/home\/morre-menina-de-6-anos-agredida-por-mae-e-madrasta-em-porto-real\/","title":{"rendered":"Morre menina de 6 anos agredida por m\u00e3e e madrasta no interior do RJ"},"content":{"rendered":"<p><strong>Ketelen Vit\u00f3ria Oliveira da Rocha<\/strong>, a menina de 6 anos que foi agredida e torturada pela\u00a0<a href=\"https:\/\/extra.globo.com\/casos-de-policia\/crianca-de-6-anos-internada-em-estado-grave-apos-ser-agredida-no-rj-mae-madrasta-sao-levadas-para-delegacia-rv1-1-24978110.html\">m\u00e3e e a madrasta em Porto Real<\/a>, no Sul Fluminense, morreu na madrugada deste s\u00e1bado. De acordo com o boletim m\u00e9dico do hospital particular onde estava internada, a crian\u00e7a sofreu uma parada cardiorrespirat\u00f3ria por volta das 3h30 e n\u00e3o resistiu. Ainda segundo o boletim, Ketelin chegou na unidade de sa\u00fade, transferida do Hospital Municipal S\u00e3o Francisco de Assis, na \u00faltima segunda-feira, com quadro de politraumatismo e coma arreflexo, apresentando m\u00faltiplas les\u00f5es corporais agudas e cr\u00f4nicas. Nas \u00faltimas 24 horas, o estado da menina se agravou, com &#8221;deteriora\u00e7\u00e3o das fun\u00e7\u00f5es vitais&#8221;.<\/p>\n<p>No in\u00edcio da semana, Ketelen foi levada para o Hospital Municipal S\u00e3o Francisco de Assis ap\u00f3s ser espancada pela madrasta,\u00a0<strong>Brena Luane Barbosa Nunes<\/strong>, de 25 anos, e a m\u00e3e da menina,\u00a0<strong>Gilmara Oliveira de Farias<\/strong>, de 27 anos. Segundo informa\u00e7\u00f5es, as agress\u00f5es come\u00e7aram na sexta-feira (16) e se estenderam at\u00e9 segunda-feira. Elas moravam no bairro de Jardim das Ac\u00e1cias, em Porto Real.<\/p>\n<p>\u2014 Ketelen era uma crian\u00e7a boa, respeitadora&#8230; Seis aninhos. Uma crian\u00e7a muito am\u00e1vel que me chamava de tia. Ela (Gilmara) s\u00f3 deixava a crian\u00e7a dentro do quarto. Ela e a Ketelen estavam aqui a passeio. Eu falei para ela n\u00e3o trazer porque a Brena n\u00e3o gosta de crian\u00e7a, nunca gostou \u2014 conta a m\u00e3e de Brena, madrasta de Ketelen, que mora na mesma casa que a filha\u00a0<a href=\"https:\/\/extra.globo.com\/casos-de-policia\/quero-que-ela-fique-presa-pague-diz-mae-de-mulher-que-torturou-enteada-de-6-anos-em-porto-real-rv1-1-24980621.html\">e presenciou as torturas sofridas pela menina<\/a>.<\/p>\n<p>&nbsp;<\/p>\n<figure><img decoding=\"async\" class=\"inline\" src=\"https:\/\/extra.globo.com\/incoming\/24980587-bf2-b8d\/w448\/xcrianca-agredida-porto-real.jpg.pagespeed.ic.99dT06frpb.jpg\" alt=\"O quarto em que dormia a crian\u00e7a\" \/><figcaption>O quarto em que dormia a crian\u00e7a Foto: Isabelle Magalh\u00e3es\/TV Rio Sul<\/figcaption><\/figure>\n<p>Segundo ela, Brena sempre teve um comportamento agressivo com namoradas e familiares. Esta, entretanto, \u00e9 a primeira vez que escuta um caso de agress\u00e3o \u00e0 uma crian\u00e7a:<\/p>\n<p>\u2014 Essa \u00e9 a primeira vez que ela faz isso (bate em uma crian\u00e7a). Ela sempre teve esse comportamento agressivo. O relacionamento dela com a Gilmara era marcado por brigas. Antes dela Brena namorou outra mulher, e era assim tamb\u00e9m.<\/p>\n<p>Uma vizinha de Brena refor\u00e7a o comportamento violento da mulher, relatando agress\u00f5es \u00e0 pr\u00f3pria m\u00e3e e \u00e0 av\u00f3, de 86 anos.<\/p>\n","protected":false},"excerpt":{"rendered":"<p>Ketelen Vit\u00f3ria Oliveira da Rocha, a menina de 6 anos que foi agredida e torturada pela\u00a0m\u00e3e e a madrasta em Porto Real, no Sul Fluminense, morreu na madrugada deste s\u00e1bado. De acordo com o boletim m\u00e9dico do hospital particular onde estava internada, a crian\u00e7a sofreu uma parada cardiorrespirat\u00f3ria por volta das 3h30 e n\u00e3o resistiu. &hellip;<\/p>\n","protected":false},"author":3,"featured_media":60288,"comment_status":"open","ping_status":"open","sticky":false,"template":"","format":"standard","meta":{"_exactmetrics_skip_tracking":false,"_exactmetrics_sitenote_active":false,"_exactmetrics_sitenote_note":"","_exactmetrics_sitenote_category":0,"footnotes":""},"categories":[4],"tags":[],"_links":{"self":[{"href":"https:\/\/goiasemtempo.com.br\/home\/wp-json\/wp\/v2\/posts\/60287"}],"collection":[{"href":"https:\/\/goiasemtempo.com.br\/home\/wp-json\/wp\/v2\/posts"}],"about":[{"href":"https:\/\/goiasemtempo.com.br\/home\/wp-json\/wp\/v2\/types\/post"}],"author":[{"embeddable":true,"href":"https:\/\/goiasemtempo.com.br\/home\/wp-json\/wp\/v2\/users\/3"}],"replies":[{"embeddable":true,"href":"https:\/\/goiasemtempo.com.br\/home\/wp-json\/wp\/v2\/comments?post=60287"}],"version-history":[{"count":3,"href":"https:\/\/goiasemtempo.com.br\/home\/wp-json\/wp\/v2\/posts\/60287\/revisions"}],"predecessor-version":[{"id":60291,"href":"https:\/\/goiasemtempo.com.br\/home\/wp-json\/wp\/v2\/posts\/60287\/revisions\/60291"}],"wp:featuredmedia":[{"embeddable":true,"href":"https:\/\/goiasemtempo.com.br\/home\/wp-json\/wp\/v2\/media\/60288"}],"wp:attachment":[{"href":"https:\/\/goiasemtempo.com.br\/home\/wp-json\/wp\/v2\/media?parent=60287"}],"wp:term":[{"taxonomy":"category","embeddable":true,"href":"https:\/\/goiasemtempo.com.br\/home\/wp-json\/wp\/v2\/categories?post=60287"},{"taxonomy":"post_tag","embeddable":true,"href":"https:\/\/goiasemtempo.com.br\/home\/wp-json\/wp\/v2\/tags?post=60287"}],"curies":[{"name":"wp","href":"https:\/\/api.w.org\/{rel}","templated":true}]}}