{"id":60247,"date":"2021-04-22T18:54:06","date_gmt":"2021-04-22T18:54:06","guid":{"rendered":"http:\/\/goiasemtempo.com.br\/home\/?p=60247"},"modified":"2021-04-22T18:54:06","modified_gmt":"2021-04-22T18:54:06","slug":"rachel-sheherazade-processa-sbt-em-r-20-milhoes-e-cita-assedio-e-censura","status":"publish","type":"post","link":"https:\/\/goiasemtempo.com.br\/home\/rachel-sheherazade-processa-sbt-em-r-20-milhoes-e-cita-assedio-e-censura\/","title":{"rendered":"Rachel Sheherazade processa SBT em R$ 20 milh\u00f5es e cita ass\u00e9dio e censura"},"content":{"rendered":"<p>A jornalista\u00a0<strong>Rachel Sheherazade<\/strong>, 47, demitida no final de 2020 do\u00a0<strong>SBT,<\/strong>\u00a0iniciou um processo na Justi\u00e7a no valor de cerca de<strong>\u00a0R$ 20 milh\u00f5es<\/strong>\u00a0contra sua antiga emissora. Ela, que foi \u00e2ncora do principal jornal da casa por quase dez anos, acusa o canal e seu dono, Silvio Santos, de ass\u00e9dio, censura e fraude.<\/p>\n<p>No processo a que o jornal\u00a0<strong>Folha de S.Paulo<\/strong>\u00a0teve acesso, a defesa de\u00a0<strong>Sheherazade<\/strong>\u00a0aponta que a sua contrata\u00e7\u00e3o como\u00a0<strong>PJ<\/strong>\u00a0(pessoa jur\u00eddica) visava fraudar legisla\u00e7\u00e3o trabalhista, fiscal e previdenci\u00e1ria. Tal pr\u00e1tica, ainda segundo ela, visava afastar o registro na carteira de trabalho e o pagamento dos direitos decorrentes do registro.<\/p>\n<div>\n<p>A a\u00e7\u00e3o corre no\u00a0<strong>TRT-2<\/strong>\u00a0(Tribunal Regional do Trabalho da 2\u00aa Regi\u00e3o), na 3\u00aa Vara do Trabalho de Osasco, na Grande SP. No final de seu contrato,\u00a0<strong>Rachel Sheherazade<\/strong>\u00a0chegava a faturar mais de R$ 200 mil por m\u00eas.<\/p>\n<p>O processo inclui ainda um pedido de indeniza\u00e7\u00e3o por ass\u00e9dio e danos morais. A defesa da\u00a0<strong>ex-apresentadora<\/strong>\u00a0do SBT acusa a emissora de ter diminu\u00eddo sua participa\u00e7\u00e3o nos jornais e reduzido a quantidade de mat\u00e9rias onde apareceria, apontando ser consoante com uma pr\u00e1tica de censura.<\/p>\n<p>Em uma troca de\u00a0<strong>emails<\/strong>\u00a0anexada no processo, um dos diretores da emissora diz que os textos que\u00a0<strong>Rachel\u00a0<\/strong><strong>Sheherazade<\/strong>\u00a0posta nas redes sociais o envergonham e a muitos de seus colegas tamb\u00e9m.<\/p>\n<p>Uma das atitudes de ass\u00e9dio considerada grav\u00edssima pela defesa da jornalista foi durante a entrega do<a href=\"https:\/\/www.sbt.com.br\/\" target=\"_blank\" rel=\"noopener\"><strong>\u00a0Trof\u00e9u Imprensa<\/strong><\/a>\u00a02017, onde a apresentadora teria sido tratada de modo \u201cdepreciativo, preconceituoso,\u00a0<strong>vexat\u00f3rio,<\/strong>\u00a0humilhante e constrangedor\u201d pelo dono da emissora,\u00a0<strong>Silvio Santos<\/strong>.<\/p>\n<p>Naquele momento, ela disse que foi contratada para dar sua opini\u00e3o, ao apresentar o principal jornal do SBT. Silvio Santos rebateu, dizendo que a contratou para \u201ccontinuar com sua\u00a0<strong>beleza\u201d.<\/strong>\u00a0(Leia transcri\u00e7\u00e3o da conversa abaixo)<\/p>\n<div>\n<p>PUBLICIDADE<\/p>\n<div id=\"denakop-ad-424196582473463\" data-google-query-id=\"CMWR--zBkvACFe84uQYdOAAK4w\">\n<div id=\"google_ads_iframe_\/21715141650\/desktop_intext_2__container__\">Na avalia\u00e7\u00e3o da defesa,<strong>\u00a0Silvio Santos<\/strong>\u00a0atuou de maneira \u201cnitidamente\u00a0<strong>machista\u201d<\/strong>\u00a0e \u201ccolocou a figura feminina numa posi\u00e7\u00e3o em que a\u00a0<strong>beleza f\u00edsica<\/strong>\u00a0\u00e9 supervalorizada em detrimento dos atributos intelectuais\u201d.<\/div>\n<\/div>\n<\/div>\n<p>A audi\u00eancia do caso est\u00e1 marcada, por ora, para o dia 3 de agosto de 2021. A assessoria do\u00a0<strong>SBT<\/strong>\u00a0afirmou que n\u00e3o comenta sobre quest\u00f5es jur\u00eddicas. Procurada,\u00a0<strong>Rachel Sheherazade<\/strong>\u00a0n\u00e3o foi localizado para comentar sobre o assunto.<\/p>\n<p><strong>LEIA TRECHO DE CONVERSA CONSIDERADA MACHISTA NO TROF\u00c9U IMPRENSA 2017:<\/strong><\/p>\n<p><strong>Silvio Santos:<\/strong>\u00a0\u201cVoc\u00ea come\u00e7ou a fazer coment\u00e1rios pol\u00edticos no SBT e pedi para voc\u00ea n\u00e3o fazer mais. Voc\u00ea foi contratada para ler not\u00edcias, n\u00e3o foi contratada para dar a sua opini\u00e3o. Se quiser fazer pol\u00edtica, compre uma esta\u00e7\u00e3o de televis\u00e3o v\u00e1 fazer por sua conta, aqui n\u00e3o\u201d.<\/p>\n<p><strong>Rachel Sheherazade:<\/strong>\u00a0\u201cQuando voc\u00ea me chamou, voc\u00ea me chamou para opinar\u201d.<\/p>\n<p><strong>Silvio Santos:<\/strong>\u00a0\u201cN\u00e3o. Chamei para voc\u00ea continuar com a sua beleza, com a sua voz, para ler as not\u00edcias no teleprompter. N\u00e3o foi para voc\u00ea dar a sua opini\u00e3o\u201d.<\/p>\n<div>\n<p>PUBLICIDADE<\/p>\n<\/div>\n<div><\/div>\n<\/div>\n","protected":false},"excerpt":{"rendered":"<p>A jornalista\u00a0Rachel Sheherazade, 47, demitida no final de 2020 do\u00a0SBT,\u00a0iniciou um processo na Justi\u00e7a no valor de cerca de\u00a0R$ 20 milh\u00f5es\u00a0contra sua antiga emissora. Ela, que foi \u00e2ncora do principal jornal da casa por quase dez anos, acusa o canal e seu dono, Silvio Santos, de ass\u00e9dio, censura e fraude. No processo a que o &hellip;<\/p>\n","protected":false},"author":3,"featured_media":60248,"comment_status":"open","ping_status":"open","sticky":false,"template":"","format":"standard","meta":{"footnotes":""},"categories":[4],"tags":[],"class_list":["post-60247","post","type-post","status-publish","format-standard","has-post-thumbnail","hentry","category-ultimas-noticias"],"_links":{"self":[{"href":"https:\/\/goiasemtempo.com.br\/home\/wp-json\/wp\/v2\/posts\/60247","targetHints":{"allow":["GET"]}}],"collection":[{"href":"https:\/\/goiasemtempo.com.br\/home\/wp-json\/wp\/v2\/posts"}],"about":[{"href":"https:\/\/goiasemtempo.com.br\/home\/wp-json\/wp\/v2\/types\/post"}],"author":[{"embeddable":true,"href":"https:\/\/goiasemtempo.com.br\/home\/wp-json\/wp\/v2\/users\/3"}],"replies":[{"embeddable":true,"href":"https:\/\/goiasemtempo.com.br\/home\/wp-json\/wp\/v2\/comments?post=60247"}],"version-history":[{"count":1,"href":"https:\/\/goiasemtempo.com.br\/home\/wp-json\/wp\/v2\/posts\/60247\/revisions"}],"predecessor-version":[{"id":60249,"href":"https:\/\/goiasemtempo.com.br\/home\/wp-json\/wp\/v2\/posts\/60247\/revisions\/60249"}],"wp:featuredmedia":[{"embeddable":true,"href":"https:\/\/goiasemtempo.com.br\/home\/wp-json\/wp\/v2\/media\/60248"}],"wp:attachment":[{"href":"https:\/\/goiasemtempo.com.br\/home\/wp-json\/wp\/v2\/media?parent=60247"}],"wp:term":[{"taxonomy":"category","embeddable":true,"href":"https:\/\/goiasemtempo.com.br\/home\/wp-json\/wp\/v2\/categories?post=60247"},{"taxonomy":"post_tag","embeddable":true,"href":"https:\/\/goiasemtempo.com.br\/home\/wp-json\/wp\/v2\/tags?post=60247"}],"curies":[{"name":"wp","href":"https:\/\/api.w.org\/{rel}","templated":true}]}}