{"id":60214,"date":"2021-04-20T16:09:08","date_gmt":"2021-04-20T16:09:08","guid":{"rendered":"http:\/\/goiasemtempo.com.br\/home\/?p=60214"},"modified":"2021-04-20T16:09:08","modified_gmt":"2021-04-20T16:09:08","slug":"populacao-indigena-aldeada-e-vacinada-contra-covid-19-em-goias","status":"publish","type":"post","link":"https:\/\/goiasemtempo.com.br\/home\/populacao-indigena-aldeada-e-vacinada-contra-covid-19-em-goias\/","title":{"rendered":"Popula\u00e7\u00e3o ind\u00edgena aldeada \u00e9 vacinada contra Covid-19 em Goi\u00e1s"},"content":{"rendered":"<p>O Dia do \u00cdndio foi comemorado em Goi\u00e1s com valoriza\u00e7\u00e3o e respeito \u00e0 cultura, com destaque para a imuniza\u00e7\u00e3o contra Covid-19 de todos os ind\u00edgenas aldeados do Estado. Ao todo, foram aplicadas 493 doses, nas duas etapas de vacina\u00e7\u00e3o, em 246 moradores com mais de 18 anos, exceto as mulheres gr\u00e1vidas e em fase de amamenta\u00e7\u00e3o, nas aldeias de Aruan\u00e3, Mina\u00e7u e Nova Am\u00e9rica\/Rubiataba.<\/p>\n<p>Alguns dos moradores da aldeia Bd\u00e9 Bur\u00e9\/Buridina, da etnia Karaj\u00e1 (Yni), aldeados no munic\u00edpio de Aruan\u00e3, se recusaram a receber a imuniza\u00e7\u00e3o. No entanto, as doses da vacina est\u00e3o dispon\u00edveis para o caso de aceita\u00e7\u00e3o. De acordo com a Secretaria de Estado da Sa\u00fade (SES), o Governo de Goi\u00e1s tem trabalhado, junto ao Distrito Sanit\u00e1rio Especial Ind\u00edgena Araguaia (DSEI-Araguaia) e a lideran\u00e7as ind\u00edgenas, na conscientiza\u00e7\u00e3o para que adiram \u00e0 campanha. Isso tem sido feito, no entanto, sempre com respeito \u00e0 manuten\u00e7\u00e3o de uma abordagem \u00e9tica e aos direitos dos povos ind\u00edgenas, bem como \u00e0 liberdade e o livre arb\u00edtrio nesses casos concretos.<\/p>\n<p>Nas aldeias Av\u00e1-Canoeiro, das etnias Av\u00e1-Canoeiro\/Tapirap\u00e9, em Mina\u00e7u, que conta com 11 moradores maiores de 18 anos; e a Aldeia Carret\u00e3o, da etnia Tapuia, em Nova Am\u00e9rica\/Rubiataba, que abriga 126 pessoas na faixa de imuniza\u00e7\u00e3o, todos foram vacinados. Quanto \u00e0 cobertura dos ind\u00edgenas em situa\u00e7\u00e3o urbana, a Secretaria Estadual de Sa\u00fade \u00a0explica que aguarda as orienta\u00e7\u00f5es do Minist\u00e9rio da Sa\u00fade.<\/p>\n<p>A Secretaria de Desenvolvimento Social (Seds), por meio da Superintend\u00eancia da Mulher e Igualdade Racial e da Ger\u00eancia de Comunidades Tradicionais, \u00e9 a respons\u00e1vel pela promo\u00e7\u00e3o dos direitos dos povos e comunidades tradicionais de Goi\u00e1s, dentre elas as ind\u00edgenas. \u201cUma das \u00e1reas de atua\u00e7\u00e3o da Seds \u00e9 garantir aos membros das comunidades tradicionais o direito \u00e0 sa\u00fade, assim como ao reconhecimento, \u00e0 cidadania, \u00e0 assist\u00eancia social e \u00e0 educa\u00e7\u00e3o, entre outros. Comemorar este dia com a garantira de preserva\u00e7\u00e3o da sa\u00fade dos nossos ind\u00edgenas \u00e9 gratificante\u201d, afirma o secret\u00e1rio da Seds, Wellington Matos.<\/p>\n<p><strong>Fonte:\u00a0Seds -Governo de Goi\u00e1s<\/strong><\/p>\n","protected":false},"excerpt":{"rendered":"<p>O Dia do \u00cdndio foi comemorado em Goi\u00e1s com valoriza\u00e7\u00e3o e respeito \u00e0 cultura, com destaque para a imuniza\u00e7\u00e3o contra Covid-19 de todos os ind\u00edgenas aldeados do Estado. Ao todo, foram aplicadas 493 doses, nas duas etapas de vacina\u00e7\u00e3o, em 246 moradores com mais de 18 anos, exceto as mulheres gr\u00e1vidas e em fase de &hellip;<\/p>\n","protected":false},"author":3,"featured_media":60215,"comment_status":"open","ping_status":"open","sticky":false,"template":"","format":"standard","meta":{"_exactmetrics_skip_tracking":false,"_exactmetrics_sitenote_active":false,"_exactmetrics_sitenote_note":"","_exactmetrics_sitenote_category":0,"footnotes":""},"categories":[45,15],"tags":[],"_links":{"self":[{"href":"https:\/\/goiasemtempo.com.br\/home\/wp-json\/wp\/v2\/posts\/60214"}],"collection":[{"href":"https:\/\/goiasemtempo.com.br\/home\/wp-json\/wp\/v2\/posts"}],"about":[{"href":"https:\/\/goiasemtempo.com.br\/home\/wp-json\/wp\/v2\/types\/post"}],"author":[{"embeddable":true,"href":"https:\/\/goiasemtempo.com.br\/home\/wp-json\/wp\/v2\/users\/3"}],"replies":[{"embeddable":true,"href":"https:\/\/goiasemtempo.com.br\/home\/wp-json\/wp\/v2\/comments?post=60214"}],"version-history":[{"count":1,"href":"https:\/\/goiasemtempo.com.br\/home\/wp-json\/wp\/v2\/posts\/60214\/revisions"}],"predecessor-version":[{"id":60216,"href":"https:\/\/goiasemtempo.com.br\/home\/wp-json\/wp\/v2\/posts\/60214\/revisions\/60216"}],"wp:featuredmedia":[{"embeddable":true,"href":"https:\/\/goiasemtempo.com.br\/home\/wp-json\/wp\/v2\/media\/60215"}],"wp:attachment":[{"href":"https:\/\/goiasemtempo.com.br\/home\/wp-json\/wp\/v2\/media?parent=60214"}],"wp:term":[{"taxonomy":"category","embeddable":true,"href":"https:\/\/goiasemtempo.com.br\/home\/wp-json\/wp\/v2\/categories?post=60214"},{"taxonomy":"post_tag","embeddable":true,"href":"https:\/\/goiasemtempo.com.br\/home\/wp-json\/wp\/v2\/tags?post=60214"}],"curies":[{"name":"wp","href":"https:\/\/api.w.org\/{rel}","templated":true}]}}