{"id":60183,"date":"2021-04-18T16:21:22","date_gmt":"2021-04-18T16:21:22","guid":{"rendered":"https:\/\/goiasemtempo.com.br\/home\/?p=60183"},"modified":"2021-04-18T16:21:22","modified_gmt":"2021-04-18T16:21:22","slug":"zeze-di-camargo-e-luciano-dizem-que-maria-bethania-inspirou-e-o-amor","status":"publish","type":"post","link":"https:\/\/goiasemtempo.com.br\/home\/zeze-di-camargo-e-luciano-dizem-que-maria-bethania-inspirou-e-o-amor\/","title":{"rendered":"Zez\u00e9 Di Camargo e Luciano dizem que Maria Beth\u00e2nia inspirou \u2018\u00c9 o Amor\u2019"},"content":{"rendered":"<p>\u00c9 imposs\u00edvel negar que a m\u00fasica \u201c<a href=\"https:\/\/www.youtube.com\/watch?v=LsWA1b_iCE4\"><strong><em>\u00c9 o Amor<\/em><\/strong><\/a>\u201d entrou no rol dos maiores cl\u00e1ssicos populares do pa\u00eds. E n\u00e3o \u00e9 um caso assim t\u00e3o complicado de se entender. Com uma letra que fala a qualquer um que j\u00e1 esteve apaixonado e uma melodia grandiloquente, que refor\u00e7a essa identifica\u00e7\u00e3o, ela continua mexendo com a cabe\u00e7a dos brasileiros 30 anos ap\u00f3s o lan\u00e7amento.<\/p>\n<p>A data de celebra\u00e7\u00e3o da efem\u00e9ride \u00e9 nesta segunda-feira (19). Ela foi escolhida pelos irm\u00e3os<a href=\"https:\/\/www.emaisgoias.com.br\/pesquisa\/?q=Zez%C3%A9+Di+Camargo\"><strong>\u00a0Zez\u00e9 Di Camargo<\/strong><\/a>, 58, e\u00a0<strong>Luciano<\/strong>, 48, porque foi quando o pai deles, Francisco (1937-2020), levou a fita cassete com a grava\u00e7\u00e3o \u00e0 r\u00e1dio Terra, de Goi\u00e2nia, dando o pontap\u00e9 para o sucesso da dupla.<\/p>\n<div>\n<p>A hist\u00f3ria da m\u00fasica, por\u00e9m, come\u00e7ou um pouco antes, durante sua composi\u00e7\u00e3o numa noite fria de junho no apartamento de 45 metros quadrados em que moravam na Vila Alpina (zona leste de S\u00e3o Paulo). O momento \u00e9 lembrado pelos irm\u00e3os de forma v\u00edvida por se tratar de uma virada para ambos. E n\u00e3o foi mostrada da forma como realmente ocorreu em \u201c<a href=\"https:\/\/www.emaisgoias.com.br\/pesquisa\/?q=Dois+Filhos+de+Francisco\"><em>Dois Filhos de Francisco<\/em><\/a>\u201d (2005), filme que conta a trajet\u00f3ria da dupla.<\/p>\n<\/div>\n<p>\u201c\u00c9 uma das poucas coisas do filme que \u00e9 fic\u00e7\u00e3o\u201d, afirma Zez\u00e9 em entrevista por telefone ao F5. \u201cEu j\u00e1 tinha montado o repert\u00f3rio todinho para levar \u00e0s gravadoras, com m\u00fasicas produzidas em est\u00fadio. Naquela \u00e9poca, estava fazendo muito sucesso a m\u00fasica \u2018Negue\u2019, na voz da Maria Beth\u00e2nia, e eu pensei: \u2018Vou fazer uma m\u00fasica assim\u2019.\u201d<\/p>\n<p>\u201cLembro at\u00e9 da roupa que eu estava, cal\u00e7a bege e camisa vinho, que era a \u00fanica roupa que eu tinha\u201d, completa Luciano, tamb\u00e9m por telefone. \u201cFoi a primeira vez que eu vi o Zez\u00e9 compor sozinho. Fiquei deitado no sof\u00e1 atr\u00e1s dele, ele sentado com o viol\u00e3o, papel e caneta na m\u00e3o.\u201d<\/p>\n<p>Zez\u00e9 conta que a letra e a melodia vieram praticamente juntas. \u201cA primeira parte veio quase toda de uma vez, a\u00ed travei um pouco, o Luciano desistiu umas 2h da manh\u00e3 e foi dormir, e eu continuei at\u00e9 umas 4h ou 5h da manh\u00e3\u201d, diz. \u201cLevei no outro dia para a gravadora e falei que a m\u00fasica tinha sido psicografada, que era uma mensagem do al\u00e9m, para o cara nem poder recusar (risos).\u201d<\/p>\n<div><\/div>\n<div>\n<div id=\"taboola-below-article-thumbnails-reco-reel\" class=\" trc_related_container trc_spotlight_widget trc_elastic trc_elastic_rec-reel-2n5-a \" data-placement-name=\"Below Article Thumbnails Reco Reel\">\n<div class=\"trc_rbox_container story-widget tbl-story-desktop \">\n<div>\n<div id=\"trc_wrapper_77530\" class=\"trc_rbox rec-reel-2n5-a trc-content-hybrid \">\n<div id=\"outer_77530\" class=\"trc_rbox_outer\">\n<div id=\"rbox-t2m\" class=\"trc_rbox_div trc_rbox_border_elm\">\n<div class=\"tbl-arrow-btn tbl-arrow-right\">Houve certo receio de juntar a grava\u00e7\u00e3o caseira ao material que j\u00e1 estava produzido, mas a confian\u00e7a na m\u00fasica se mostrou acertada. Da\u00ed em diante, o sucesso da dupla foi t\u00e3o estrondoso que soma mais de 1 bilh\u00e3o de execu\u00e7\u00f5es no mundo, segundo dados do Ecad (Escrit\u00f3rio Central de Arrecada\u00e7\u00e3o e Distribui\u00e7\u00e3o).<\/div>\n<\/div>\n<\/div>\n<\/div>\n<\/div>\n<\/div>\n<\/div>\n<\/div>\n<p>Trata-se da m\u00fasica mais regravada da dupla, com mais de 70 outros artistas j\u00e1 tendo feito suas pr\u00f3prias vers\u00f5es. Entre eles, est\u00e3o o grupo de pagode Ra\u00e7a Negra, o americano Ray Coniff e a pr\u00f3pria Maria Beth\u00e2nia, que inspirou a composi\u00e7\u00e3o. \u201c\u00c9 realmente engra\u00e7ado, acho que ela nem sabe dessa hist\u00f3ria\u201d, diz Zez\u00e9. \u201cJ\u00e1 estive com ela, v\u00e1rias vezes, e nunca contei.\u201d<\/p>\n<p>O sucesso da dupla, claro, n\u00e3o ficou restrito \u00e0 can\u00e7\u00e3o. Nesses 30 anos, foram 40 milh\u00f5es de c\u00f3pias vendidas dos 27 \u00e1lbuns, al\u00e9m de 1 EP e de 6 DVDs. Eles tamb\u00e9m foram premiados cinco vezes no Grammy Latino, estiveram 20 vezes em trilhas de novelas da Globo e lideraram o ranking de artistas que mais fizeram campanhas publicit\u00e1rias no Brasil entre 2016 e 2019, para ficar em alguns n\u00fameros.<\/p>\n<p>\u201cN\u00f3s fechamos o \u00faltimo ano antes da pandemia com 140 shows\u201d, lembra Luciano. \u201c\u00c9 dif\u00edcil um artista manter uma m\u00e9dia dessas, de tocar em todas as r\u00e1dios, durante 30 anos. Embora n\u00e3o seja o nosso intuito parar, se a gente entendesse que chegou a hora, todas as minhas realiza\u00e7\u00f5es em termos de m\u00fasica, eu consegui realizar. Tudo o que vier daqui para a frente \u00e9 lucro.\u201d<\/p>\n<p>Com &#8211; <em>FOLHA PRESS<\/em><\/p>\n<div>\n<p>&nbsp;<\/p>\n<\/div>\n","protected":false},"excerpt":{"rendered":"<p>\u00c9 imposs\u00edvel negar que a m\u00fasica \u201c\u00c9 o Amor\u201d entrou no rol dos maiores cl\u00e1ssicos populares do pa\u00eds. E n\u00e3o \u00e9 um caso assim t\u00e3o complicado de se entender. Com uma letra que fala a qualquer um que j\u00e1 esteve apaixonado e uma melodia grandiloquente, que refor\u00e7a essa identifica\u00e7\u00e3o, ela continua mexendo com a cabe\u00e7a &hellip;<\/p>\n","protected":false},"author":3,"featured_media":60184,"comment_status":"open","ping_status":"open","sticky":false,"template":"","format":"standard","meta":{"_exactmetrics_skip_tracking":false,"_exactmetrics_sitenote_active":false,"_exactmetrics_sitenote_note":"","_exactmetrics_sitenote_category":0,"footnotes":""},"categories":[66],"tags":[],"_links":{"self":[{"href":"https:\/\/goiasemtempo.com.br\/home\/wp-json\/wp\/v2\/posts\/60183"}],"collection":[{"href":"https:\/\/goiasemtempo.com.br\/home\/wp-json\/wp\/v2\/posts"}],"about":[{"href":"https:\/\/goiasemtempo.com.br\/home\/wp-json\/wp\/v2\/types\/post"}],"author":[{"embeddable":true,"href":"https:\/\/goiasemtempo.com.br\/home\/wp-json\/wp\/v2\/users\/3"}],"replies":[{"embeddable":true,"href":"https:\/\/goiasemtempo.com.br\/home\/wp-json\/wp\/v2\/comments?post=60183"}],"version-history":[{"count":1,"href":"https:\/\/goiasemtempo.com.br\/home\/wp-json\/wp\/v2\/posts\/60183\/revisions"}],"predecessor-version":[{"id":60185,"href":"https:\/\/goiasemtempo.com.br\/home\/wp-json\/wp\/v2\/posts\/60183\/revisions\/60185"}],"wp:featuredmedia":[{"embeddable":true,"href":"https:\/\/goiasemtempo.com.br\/home\/wp-json\/wp\/v2\/media\/60184"}],"wp:attachment":[{"href":"https:\/\/goiasemtempo.com.br\/home\/wp-json\/wp\/v2\/media?parent=60183"}],"wp:term":[{"taxonomy":"category","embeddable":true,"href":"https:\/\/goiasemtempo.com.br\/home\/wp-json\/wp\/v2\/categories?post=60183"},{"taxonomy":"post_tag","embeddable":true,"href":"https:\/\/goiasemtempo.com.br\/home\/wp-json\/wp\/v2\/tags?post=60183"}],"curies":[{"name":"wp","href":"https:\/\/api.w.org\/{rel}","templated":true}]}}