{"id":59980,"date":"2021-04-05T16:02:03","date_gmt":"2021-04-05T16:02:03","guid":{"rendered":"http:\/\/goiasemtempo.com.br\/home\/?p=59980"},"modified":"2021-04-05T16:09:35","modified_gmt":"2021-04-05T16:09:35","slug":"vereador-policial-federal-suender-deixa-a-uti-em-anapolis","status":"publish","type":"post","link":"https:\/\/goiasemtempo.com.br\/home\/vereador-policial-federal-suender-deixa-a-uti-em-anapolis\/","title":{"rendered":"Vereador Policial Federal Suender deixa a UTI em An\u00e1polis"},"content":{"rendered":"<p>O Policial Federal Suender, vereador em An\u00e1polis, deixou a UTI , depois de ter sido internado no come\u00e7o do m\u00eas de mar\u00e7o. O vereador chegou a ser intubado por ter os pulm\u00f5es comprometidos em 90% devido a Covid-19. A princ\u00edpio Suender esteve sob os cuidados da Unidade de sa\u00fade do munic\u00edpio\u00a0 &#8216;Norma Pizzari&#8217; ,posteriormente se transferiu para um hospital particular na cidade de An\u00e1polis.<\/p>\n<p>A informa\u00e7\u00e3o foi confirmada pela sua esposa ao portal &#8216;R\u00e1dio Brasil TV&#8217;, nesta segunda-feira,05, que divulgou uma nota:<\/p>\n<p>&#8220;\u00c9 com muita alegria que a R\u00e1dio TV Brasil, usa de suas redes sociais e de sua programa\u00e7\u00e3o, para informar que ap\u00f3s dolorosos dias de sua interna\u00e7\u00e3o na Unidade de Terapia Intensiva, o Vereador Policial Federal Suender deixa a Unidade e vai continuar sua recupera\u00e7\u00e3o em um outro setor (Quarto), a fam\u00edlia est\u00e1 bastante comovida com o apoio de todos e refor\u00e7a o pedido de ora\u00e7\u00f5es para sua total recupera\u00e7\u00e3o&#8221;. diz a nota.<\/p>\n<p>Com Bento Pianc\u00f3\/Acr\u00e9scimo de Informa\u00e7\u00f5es -Goi\u00e1s Em Tempo-<\/p>\n","protected":false},"excerpt":{"rendered":"<p>O Policial Federal Suender, vereador em An\u00e1polis, deixou a UTI , depois de ter sido internado no come\u00e7o do m\u00eas de mar\u00e7o. O vereador chegou a ser intubado por ter os pulm\u00f5es comprometidos em 90% devido a Covid-19. A princ\u00edpio Suender esteve sob os cuidados da Unidade de sa\u00fade do munic\u00edpio\u00a0 &#8216;Norma Pizzari&#8217; ,posteriormente se &hellip;<\/p>\n","protected":false},"author":3,"featured_media":59981,"comment_status":"open","ping_status":"open","sticky":false,"template":"","format":"standard","meta":{"_exactmetrics_skip_tracking":false,"_exactmetrics_sitenote_active":false,"_exactmetrics_sitenote_note":"","_exactmetrics_sitenote_category":0,"footnotes":""},"categories":[18,45,19],"tags":[],"_links":{"self":[{"href":"https:\/\/goiasemtempo.com.br\/home\/wp-json\/wp\/v2\/posts\/59980"}],"collection":[{"href":"https:\/\/goiasemtempo.com.br\/home\/wp-json\/wp\/v2\/posts"}],"about":[{"href":"https:\/\/goiasemtempo.com.br\/home\/wp-json\/wp\/v2\/types\/post"}],"author":[{"embeddable":true,"href":"https:\/\/goiasemtempo.com.br\/home\/wp-json\/wp\/v2\/users\/3"}],"replies":[{"embeddable":true,"href":"https:\/\/goiasemtempo.com.br\/home\/wp-json\/wp\/v2\/comments?post=59980"}],"version-history":[{"count":4,"href":"https:\/\/goiasemtempo.com.br\/home\/wp-json\/wp\/v2\/posts\/59980\/revisions"}],"predecessor-version":[{"id":59985,"href":"https:\/\/goiasemtempo.com.br\/home\/wp-json\/wp\/v2\/posts\/59980\/revisions\/59985"}],"wp:featuredmedia":[{"embeddable":true,"href":"https:\/\/goiasemtempo.com.br\/home\/wp-json\/wp\/v2\/media\/59981"}],"wp:attachment":[{"href":"https:\/\/goiasemtempo.com.br\/home\/wp-json\/wp\/v2\/media?parent=59980"}],"wp:term":[{"taxonomy":"category","embeddable":true,"href":"https:\/\/goiasemtempo.com.br\/home\/wp-json\/wp\/v2\/categories?post=59980"},{"taxonomy":"post_tag","embeddable":true,"href":"https:\/\/goiasemtempo.com.br\/home\/wp-json\/wp\/v2\/tags?post=59980"}],"curies":[{"name":"wp","href":"https:\/\/api.w.org\/{rel}","templated":true}]}}