{"id":59633,"date":"2021-03-15T18:31:41","date_gmt":"2021-03-15T18:31:41","guid":{"rendered":"http:\/\/goiasemtempo.com.br\/home\/?p=59633"},"modified":"2021-03-15T18:32:15","modified_gmt":"2021-03-15T18:32:15","slug":"reabertura-do-comercio-em-anapolis-acontece-com-inauguracao-de-utis","status":"publish","type":"post","link":"https:\/\/goiasemtempo.com.br\/home\/reabertura-do-comercio-em-anapolis-acontece-com-inauguracao-de-utis\/","title":{"rendered":"Reabertura do com\u00e9rcio em An\u00e1polis acontece com Inaugura\u00e7\u00e3o de UTIs"},"content":{"rendered":"<p class=\"p1\"><span class=\"s1\">Na noite do \u00faltimo<span class=\"Apple-converted-space\">\u00a0\u00a0<\/span>domingo (14), o prefeito de\u00a0<strong>An\u00e1polis<\/strong>,\u00a0<strong>Roberto Naves<\/strong>\u00a0(Democratas), publicou um\u00a0<strong>v\u00eddeo<\/strong>\u00a0em suas redes sociais anunciando a\u00a0<strong>abertura<\/strong>\u00a0de mais\u00a0<strong>20 leitos de UTI<\/strong>\u00a0destinados \u00e0\u00a0<strong>Covid-19<\/strong>\u00a0no munic\u00edpio. Dessa forma, a cidade sai da matriz de risco alto e passa a receber a classifica\u00e7\u00e3o de risco moderado. Isso permite que estabelecimentos considerados<span class=\"Apple-converted-space\">\u00a0<\/span>n\u00e3o essenciais, e que estavam com restri\u00e7\u00f5es de funcionamento desde o dia 5 de mar\u00e7o, possam voltar a funcionar.<\/span><\/p>\n<p><span class=\"s1\">O com\u00e9rcio varejista e atacadista poder\u00e1 manter as portas abertas e o atendimento presencial das 9h \u00e0s 16h, de segunda a sexta-feira. Aos finais de semana, eles dever\u00e3o permanecer fechados.\u00a0<\/span>J\u00e1 bares e restaurantes poder\u00e3o abrir at\u00e9 22h, com limita\u00e7\u00e3o de 30% da capacidade.<\/p>\n<p><iframe id=\"instagram-embed-0\" class=\"instagram-media instagram-media-rendered\" src=\"https:\/\/www.instagram.com\/tv\/CMaVgTfHi6x\/embed\/captioned\/?cr=1&amp;v=13&amp;wp=540&amp;rd=https%3A%2F%2Fwww.emaisgoias.com.br&amp;rp=%2Finauguracao-de-utis-em-anapolis-permite-reabertura-do-comercio%2F#%7B%22ci%22%3A0%2C%22os%22%3A1243.0499999900348%2C%22ls%22%3A1033.2649999909336%2C%22le%22%3A1072.0199999923352%7D\" height=\"1058\" frameborder=\"0\" scrolling=\"no\" allowfullscreen=\"allowfullscreen\" data-instgrm-payload-id=\"instagram-media-payload-0\" data-mce-fragment=\"1\"><\/iframe><\/p>\n<p>&nbsp;<\/p>\n<p class=\"p4\"><span class=\"s2\">Os 20 novos leitos de UTI foram doados ao sistema de sa\u00fade municipal pelo grupo farmac\u00eautico Hypera Pharma, instalados no Distrito Agroindustrial de An\u00e1polis (Daia).\u00a0<\/span>Agora o munic\u00edpio passa a ter 93 unidades de terapia intensiva para tratamento de pacientes com complica\u00e7\u00f5es causadas pelo nono coronav\u00edrus.<\/p>\n","protected":false},"excerpt":{"rendered":"<p>Na noite do \u00faltimo\u00a0\u00a0domingo (14), o prefeito de\u00a0An\u00e1polis,\u00a0Roberto Naves\u00a0(Democratas), publicou um\u00a0v\u00eddeo\u00a0em suas redes sociais anunciando a\u00a0abertura\u00a0de mais\u00a020 leitos de UTI\u00a0destinados \u00e0\u00a0Covid-19\u00a0no munic\u00edpio. Dessa forma, a cidade sai da matriz de risco alto e passa a receber a classifica\u00e7\u00e3o de risco moderado. Isso permite que estabelecimentos considerados\u00a0n\u00e3o essenciais, e que estavam com restri\u00e7\u00f5es de funcionamento desde &hellip;<\/p>\n","protected":false},"author":3,"featured_media":59634,"comment_status":"open","ping_status":"open","sticky":false,"template":"","format":"standard","meta":{"_exactmetrics_skip_tracking":false,"_exactmetrics_sitenote_active":false,"_exactmetrics_sitenote_note":"","_exactmetrics_sitenote_category":0,"footnotes":""},"categories":[18,45],"tags":[],"_links":{"self":[{"href":"https:\/\/goiasemtempo.com.br\/home\/wp-json\/wp\/v2\/posts\/59633"}],"collection":[{"href":"https:\/\/goiasemtempo.com.br\/home\/wp-json\/wp\/v2\/posts"}],"about":[{"href":"https:\/\/goiasemtempo.com.br\/home\/wp-json\/wp\/v2\/types\/post"}],"author":[{"embeddable":true,"href":"https:\/\/goiasemtempo.com.br\/home\/wp-json\/wp\/v2\/users\/3"}],"replies":[{"embeddable":true,"href":"https:\/\/goiasemtempo.com.br\/home\/wp-json\/wp\/v2\/comments?post=59633"}],"version-history":[{"count":2,"href":"https:\/\/goiasemtempo.com.br\/home\/wp-json\/wp\/v2\/posts\/59633\/revisions"}],"predecessor-version":[{"id":59636,"href":"https:\/\/goiasemtempo.com.br\/home\/wp-json\/wp\/v2\/posts\/59633\/revisions\/59636"}],"wp:featuredmedia":[{"embeddable":true,"href":"https:\/\/goiasemtempo.com.br\/home\/wp-json\/wp\/v2\/media\/59634"}],"wp:attachment":[{"href":"https:\/\/goiasemtempo.com.br\/home\/wp-json\/wp\/v2\/media?parent=59633"}],"wp:term":[{"taxonomy":"category","embeddable":true,"href":"https:\/\/goiasemtempo.com.br\/home\/wp-json\/wp\/v2\/categories?post=59633"},{"taxonomy":"post_tag","embeddable":true,"href":"https:\/\/goiasemtempo.com.br\/home\/wp-json\/wp\/v2\/tags?post=59633"}],"curies":[{"name":"wp","href":"https:\/\/api.w.org\/{rel}","templated":true}]}}