{"id":59570,"date":"2021-03-12T14:14:42","date_gmt":"2021-03-12T14:14:42","guid":{"rendered":"http:\/\/goiasemtempo.com.br\/home\/?p=59570"},"modified":"2021-03-12T14:15:07","modified_gmt":"2021-03-12T14:15:07","slug":"nos-nos-ultimos-35-dias-aparecida-tem-aumento-de-300-em-casos-de-covid-19","status":"publish","type":"post","link":"https:\/\/goiasemtempo.com.br\/home\/nos-nos-ultimos-35-dias-aparecida-tem-aumento-de-300-em-casos-de-covid-19\/","title":{"rendered":"Nos nos \u00faltimos 35 dias Aparecida tem aumento de 300% em casos de Covid-19"},"content":{"rendered":"<p><strong>Aparecida de Goi\u00e2nia<\/strong>\u00a0registrou\u00a0<strong>aumento<\/strong>\u00a0de\u00a0<strong>300%<\/strong>\u00a0no\u00a0<strong>n\u00famero de casos<\/strong>\u00a0de\u00a0<strong>Covid-19<\/strong>\u00a0em\u00a0<strong>35 dias<\/strong>. Dados levantados pelo\u00a0<strong>Mais Goi\u00e1s<\/strong>\u00a0mostram que foram\u00a0<strong>100 novas confirma\u00e7\u00f5es<\/strong>\u00a0s\u00f3 entre os dias 4 e 5 de fevereiro deste ano. De l\u00e1 pra c\u00e1, na \u00faltima quinta-feira (11), o munic\u00edpio constatou 357 novos infectados.<\/p>\n<p>Nesta semana, a quantidade de doentes detectados mais que dobrou. Na quarta-feira (9), por exemplo, o registro de novos casos foi de 155. Na quinta feira, o n\u00famero foi acrescido de outros 202 casos.<\/p>\n<p>Apesar do crescimento registrado de um dia para o outro, a superintendente de Vigil\u00e2ncia em Sa\u00fade, da Secretaria de Estado da Sa\u00fade (SES),\u00a0<a href=\"https:\/\/www.emaisgoias.com.br\/com-media-de-50-mortes-diarias-por-covid-goias-nao-superou-recorde-de-agosto-diz-ses\/\" target=\"_blank\" rel=\"noopener noreferrer\">Fl\u00favia Amorim<\/a>, afirma que dados divulgados diariamente podem acabar n\u00e3o sendo registrados no mesmo dia, gerando represamento de informa\u00e7\u00f5es sobre infectados.<\/p>\n<p>Com Ag\u00eancia de Not\u00edcias<\/p>\n<p>&nbsp;<\/p>\n","protected":false},"excerpt":{"rendered":"<p>Aparecida de Goi\u00e2nia\u00a0registrou\u00a0aumento\u00a0de\u00a0300%\u00a0no\u00a0n\u00famero de casos\u00a0de\u00a0Covid-19\u00a0em\u00a035 dias. Dados levantados pelo\u00a0Mais Goi\u00e1s\u00a0mostram que foram\u00a0100 novas confirma\u00e7\u00f5es\u00a0s\u00f3 entre os dias 4 e 5 de fevereiro deste ano. De l\u00e1 pra c\u00e1, na \u00faltima quinta-feira (11), o munic\u00edpio constatou 357 novos infectados. Nesta semana, a quantidade de doentes detectados mais que dobrou. Na quarta-feira (9), por exemplo, o registro &hellip;<\/p>\n","protected":false},"author":3,"featured_media":59572,"comment_status":"open","ping_status":"open","sticky":false,"template":"","format":"standard","meta":{"_exactmetrics_skip_tracking":false,"_exactmetrics_sitenote_active":false,"_exactmetrics_sitenote_note":"","_exactmetrics_sitenote_category":0,"footnotes":""},"categories":[7],"tags":[],"_links":{"self":[{"href":"https:\/\/goiasemtempo.com.br\/home\/wp-json\/wp\/v2\/posts\/59570"}],"collection":[{"href":"https:\/\/goiasemtempo.com.br\/home\/wp-json\/wp\/v2\/posts"}],"about":[{"href":"https:\/\/goiasemtempo.com.br\/home\/wp-json\/wp\/v2\/types\/post"}],"author":[{"embeddable":true,"href":"https:\/\/goiasemtempo.com.br\/home\/wp-json\/wp\/v2\/users\/3"}],"replies":[{"embeddable":true,"href":"https:\/\/goiasemtempo.com.br\/home\/wp-json\/wp\/v2\/comments?post=59570"}],"version-history":[{"count":2,"href":"https:\/\/goiasemtempo.com.br\/home\/wp-json\/wp\/v2\/posts\/59570\/revisions"}],"predecessor-version":[{"id":59574,"href":"https:\/\/goiasemtempo.com.br\/home\/wp-json\/wp\/v2\/posts\/59570\/revisions\/59574"}],"wp:featuredmedia":[{"embeddable":true,"href":"https:\/\/goiasemtempo.com.br\/home\/wp-json\/wp\/v2\/media\/59572"}],"wp:attachment":[{"href":"https:\/\/goiasemtempo.com.br\/home\/wp-json\/wp\/v2\/media?parent=59570"}],"wp:term":[{"taxonomy":"category","embeddable":true,"href":"https:\/\/goiasemtempo.com.br\/home\/wp-json\/wp\/v2\/categories?post=59570"},{"taxonomy":"post_tag","embeddable":true,"href":"https:\/\/goiasemtempo.com.br\/home\/wp-json\/wp\/v2\/tags?post=59570"}],"curies":[{"name":"wp","href":"https:\/\/api.w.org\/{rel}","templated":true}]}}