{"id":59567,"date":"2021-03-12T14:04:02","date_gmt":"2021-03-12T14:04:02","guid":{"rendered":"http:\/\/goiasemtempo.com.br\/home\/?p=59567"},"modified":"2021-03-12T14:04:02","modified_gmt":"2021-03-12T14:04:02","slug":"detran-suspende-em-todo-estado-provas-praticas-de-direcao","status":"publish","type":"post","link":"https:\/\/goiasemtempo.com.br\/home\/detran-suspende-em-todo-estado-provas-praticas-de-direcao\/","title":{"rendered":"Detran suspende em todo Estado provas pr\u00e1ticas de dire\u00e7\u00e3o"},"content":{"rendered":"<p class=\"p1\"><span class=\"s1\">O Departamento Estadual de Tr\u00e2nsito de Goi\u00e1s (Detran-GO) ir\u00e1\u00a0<strong>suspender<\/strong>\u00a0temporariamente as\u00a0<strong>bancas examinadoras<\/strong>\u00a0de\u00a0<strong>dire\u00e7\u00e3o veicular<\/strong>\u00a0em todo o\u00a0<strong>Estado<\/strong>\u00a0at\u00e9 31 de mar\u00e7o. O \u00f3rg\u00e3o informa que a medida busca resguardar a\u00a0<strong>sa\u00fade<\/strong>\u00a0de\u00a0<strong>instrutores<\/strong>,\u00a0<strong>colaboradores<\/strong>\u00a0e tamb\u00e9m de\u00a0<strong>candidatos<\/strong>\u00a0\u00e0 Carteira Nacional de Habilita\u00e7\u00e3o (<strong>CNH<\/strong>).\u00a0<\/span><\/p>\n<p class=\"p1\"><span class=\"s1\">De acordo com a autarquia, a decis\u00e3o foi tomada em decorr\u00eancia do aumento da alta taxa de ocupa\u00e7\u00e3o das UTIs e dos leitos de enfermaria em Goi\u00e1s. J\u00e1 as provas te\u00f3ricas continuaram a ser realizadas nos munic\u00edpios em que n\u00e3o h\u00e1\u00a0<\/span><span class=\"s1\">restri\u00e7\u00f5es.<\/span><\/p>\n<p class=\"p1\"><span class=\"s1\">\u201cApesar dos cuidados adotados, em alguns locais h\u00e1 desrespeito \u00e0s condi\u00e7\u00f5es criadas pelo Detran-GO para a continuidade do servi\u00e7o. Essa doen\u00e7a n\u00e3o \u00e9 brincadeira, n\u00e3o podemos arriscar a vida de muitos com a falta responsabilidade de um ou outro. Nosso compromisso maior \u00e9 com a vida\u201d, disse o o gerente de Habilita\u00e7\u00e3o do Detran-GO, Jos\u00e9 Osvaldo Carneiro.<\/span><\/p>\n<p>Os candidatos que est\u00e3o com provas pr\u00e1ticas agendadas para o per\u00edodo em que haver\u00e1 suspens\u00e3o do servi\u00e7o poder\u00e3o remarc\u00e1-las sem pagamento de taxa.<\/p>\n","protected":false},"excerpt":{"rendered":"<p>O Departamento Estadual de Tr\u00e2nsito de Goi\u00e1s (Detran-GO) ir\u00e1\u00a0suspender\u00a0temporariamente as\u00a0bancas examinadoras\u00a0de\u00a0dire\u00e7\u00e3o veicular\u00a0em todo o\u00a0Estado\u00a0at\u00e9 31 de mar\u00e7o. O \u00f3rg\u00e3o informa que a medida busca resguardar a\u00a0sa\u00fade\u00a0de\u00a0instrutores,\u00a0colaboradores\u00a0e tamb\u00e9m de\u00a0candidatos\u00a0\u00e0 Carteira Nacional de Habilita\u00e7\u00e3o (CNH).\u00a0 De acordo com a autarquia, a decis\u00e3o foi tomada em decorr\u00eancia do aumento da alta taxa de ocupa\u00e7\u00e3o das UTIs e dos &hellip;<\/p>\n","protected":false},"author":3,"featured_media":59568,"comment_status":"open","ping_status":"open","sticky":false,"template":"","format":"standard","meta":{"footnotes":""},"categories":[15,19],"tags":[],"class_list":["post-59567","post","type-post","status-publish","format-standard","has-post-thumbnail","hentry","category-goias","category-manchete"],"_links":{"self":[{"href":"https:\/\/goiasemtempo.com.br\/home\/wp-json\/wp\/v2\/posts\/59567","targetHints":{"allow":["GET"]}}],"collection":[{"href":"https:\/\/goiasemtempo.com.br\/home\/wp-json\/wp\/v2\/posts"}],"about":[{"href":"https:\/\/goiasemtempo.com.br\/home\/wp-json\/wp\/v2\/types\/post"}],"author":[{"embeddable":true,"href":"https:\/\/goiasemtempo.com.br\/home\/wp-json\/wp\/v2\/users\/3"}],"replies":[{"embeddable":true,"href":"https:\/\/goiasemtempo.com.br\/home\/wp-json\/wp\/v2\/comments?post=59567"}],"version-history":[{"count":1,"href":"https:\/\/goiasemtempo.com.br\/home\/wp-json\/wp\/v2\/posts\/59567\/revisions"}],"predecessor-version":[{"id":59569,"href":"https:\/\/goiasemtempo.com.br\/home\/wp-json\/wp\/v2\/posts\/59567\/revisions\/59569"}],"wp:featuredmedia":[{"embeddable":true,"href":"https:\/\/goiasemtempo.com.br\/home\/wp-json\/wp\/v2\/media\/59568"}],"wp:attachment":[{"href":"https:\/\/goiasemtempo.com.br\/home\/wp-json\/wp\/v2\/media?parent=59567"}],"wp:term":[{"taxonomy":"category","embeddable":true,"href":"https:\/\/goiasemtempo.com.br\/home\/wp-json\/wp\/v2\/categories?post=59567"},{"taxonomy":"post_tag","embeddable":true,"href":"https:\/\/goiasemtempo.com.br\/home\/wp-json\/wp\/v2\/tags?post=59567"}],"curies":[{"name":"wp","href":"https:\/\/api.w.org\/{rel}","templated":true}]}}