{"id":59442,"date":"2021-03-06T15:49:40","date_gmt":"2021-03-06T15:49:40","guid":{"rendered":"http:\/\/goiasemtempo.com.br\/home\/?p=59442"},"modified":"2021-03-06T15:49:40","modified_gmt":"2021-03-06T15:49:40","slug":"paulo-guedes-vai-antecipar-13o-de-beneficiarios-do-inss","status":"publish","type":"post","link":"https:\/\/goiasemtempo.com.br\/home\/paulo-guedes-vai-antecipar-13o-de-beneficiarios-do-inss\/","title":{"rendered":"Paulo Guedes vai antecipar 13\u00ba de benefici\u00e1rios do INSS"},"content":{"rendered":"<p>Pelo segundo ano consecutivo, os aposentados e pensionistas do Instituto Nacional de Seguridade Social (INSS) receber\u00e3o o d\u00e9cimo terceiro sal\u00e1rio de forma antecipada, disse h\u00e1 pouco o ministro da Economia, Paulo Guedes. Segundo o ministro, a medida s\u00f3 vai ocorrer depois da aprova\u00e7\u00e3o do Or\u00e7amento Geral da Uni\u00e3o deste ano.<img decoding=\"async\" src=\"https:\/\/agenciabrasil.ebc.com.br\/ebc.png?id=1403121&amp;o=node\" \/><img decoding=\"async\" src=\"https:\/\/agenciabrasil.ebc.com.br\/ebc.gif?id=1403121&amp;o=node\" \/><\/p>\n<p>\u201cO abono salarial j\u00e1 foi antecipado. Agora, assim que aprovar o or\u00e7amento, vai ser antecipado o d\u00e9cimo terceiro justamente dos mais fr\u00e1geis, dos mais idosos, como fizemos da outra vez\u201d, disse o ministro. No ano passado, os benefici\u00e1rios do INSS tiveram o d\u00e9cimo terceiro antecipado para abril como medida de ajuda \u00e0 popula\u00e7\u00e3o mais afetada pela pandemia de covid-19.<\/p>\n<p>O ministro deu a declara\u00e7\u00e3o ap\u00f3s reuni\u00e3o com o deputado Daniel Freitas (PSL-SC), relator da proposta de emenda \u00e0 Constitui\u00e7\u00e3o (PEC) Emergencial na C\u00e2mara dos Deputados. Aprovado ontem (5) em\u00a0segundo turno pelo Senado, o texto foi encaminhado para a C\u00e2mara, onde deve ser votado na pr\u00f3xima semana<a href=\"https:\/\/agenciabrasil.ebc.com.br\/economia\/noticia\/2021-03\/guedes-anuncia-antecipacao-de-13o-de-beneficiarios-do-inss\" target=\"_blank\" rel=\"noopener noreferrer\">.<\/a><\/p>\n<div class=\"mgs-banner mgs-banner-rectangle\">\n<div class=\"mgs-ads\">\n<div class=\"pub-ret\">\n<div id=\"mgs-ads-quadrado-2\" data-google-query-id=\"CILLuNOBnO8CFcMGuQYddpAFmQ\">\n<div id=\"google_ads_iframe_\/176290677\/quadrado-2_0__container__\">Guedes tamb\u00e9m anunciou que pretende reeditar o programa de suspens\u00e3o de contratos e de redu\u00e7\u00e3o de jornada (com redu\u00e7\u00e3o proporcional de sal\u00e1rios) que vigorou no ano passado. \u201cO BEm, que \u00e9 o programa de preserva\u00e7\u00e3o de empregos, j\u00e1 est\u00e3o sendo disparadas as novas bases. Ent\u00e3o, tem mais coisa vindo por a\u00ed\u201d, acrescentou Guedes.<\/div>\n<div><\/div>\n<\/div>\n<\/div>\n<\/div>\n<\/div>\n<p>Chamado de Benef\u00edcio Emergencial (BEm), o programa prev\u00ea que o trabalhador com contrato suspenso ou jornada reduzida receba a parcela do seguro-desemprego a que teria direito se fosse demitido em troca do corte no sal\u00e1rio. Em troca, o empregador n\u00e3o pode demitir o trabalhador ap\u00f3s o fim da ajuda pelo tempo em que o trabalhador recebeu o BEm.<\/p>\n<h2>Vacina\u00e7\u00e3o<\/h2>\n<p>Guedes voltou a defender a vacina\u00e7\u00e3o em massa como a principal medida para salvar a economia e n\u00e3o respondeu a perguntas sobre uma eventual amplia\u00e7\u00e3o do\u00a0<a href=\"https:\/\/www.emaisgoias.com.br\/tag\/bolsa-familia\/\" target=\"_blank\" rel=\"noopener noreferrer\">Bolsa Fam\u00edlia<\/a>.<\/p>\n<div class=\"mgs-banner mgs-banner-rectangle\">\n<div class=\"mgs-ads\">\n<div class=\"pub-ret\">\n<div id=\"mgs-ads-quadrado-3\" data-google-query-id=\"CKLNuNOBnO8CFWg0uQYdITMKDA\"><\/div>\n<\/div>\n<\/div>\n<\/div>\n","protected":false},"excerpt":{"rendered":"<p>Pelo segundo ano consecutivo, os aposentados e pensionistas do Instituto Nacional de Seguridade Social (INSS) receber\u00e3o o d\u00e9cimo terceiro sal\u00e1rio de forma antecipada, disse h\u00e1 pouco o ministro da Economia, Paulo Guedes. Segundo o ministro, a medida s\u00f3 vai ocorrer depois da aprova\u00e7\u00e3o do Or\u00e7amento Geral da Uni\u00e3o deste ano. \u201cO abono salarial j\u00e1 foi &hellip;<\/p>\n","protected":false},"author":3,"featured_media":59443,"comment_status":"open","ping_status":"open","sticky":false,"template":"","format":"standard","meta":{"_exactmetrics_skip_tracking":false,"_exactmetrics_sitenote_active":false,"_exactmetrics_sitenote_note":"","_exactmetrics_sitenote_category":0,"footnotes":""},"categories":[4],"tags":[],"_links":{"self":[{"href":"https:\/\/goiasemtempo.com.br\/home\/wp-json\/wp\/v2\/posts\/59442"}],"collection":[{"href":"https:\/\/goiasemtempo.com.br\/home\/wp-json\/wp\/v2\/posts"}],"about":[{"href":"https:\/\/goiasemtempo.com.br\/home\/wp-json\/wp\/v2\/types\/post"}],"author":[{"embeddable":true,"href":"https:\/\/goiasemtempo.com.br\/home\/wp-json\/wp\/v2\/users\/3"}],"replies":[{"embeddable":true,"href":"https:\/\/goiasemtempo.com.br\/home\/wp-json\/wp\/v2\/comments?post=59442"}],"version-history":[{"count":1,"href":"https:\/\/goiasemtempo.com.br\/home\/wp-json\/wp\/v2\/posts\/59442\/revisions"}],"predecessor-version":[{"id":59444,"href":"https:\/\/goiasemtempo.com.br\/home\/wp-json\/wp\/v2\/posts\/59442\/revisions\/59444"}],"wp:featuredmedia":[{"embeddable":true,"href":"https:\/\/goiasemtempo.com.br\/home\/wp-json\/wp\/v2\/media\/59443"}],"wp:attachment":[{"href":"https:\/\/goiasemtempo.com.br\/home\/wp-json\/wp\/v2\/media?parent=59442"}],"wp:term":[{"taxonomy":"category","embeddable":true,"href":"https:\/\/goiasemtempo.com.br\/home\/wp-json\/wp\/v2\/categories?post=59442"},{"taxonomy":"post_tag","embeddable":true,"href":"https:\/\/goiasemtempo.com.br\/home\/wp-json\/wp\/v2\/tags?post=59442"}],"curies":[{"name":"wp","href":"https:\/\/api.w.org\/{rel}","templated":true}]}}