{"id":59267,"date":"2021-02-25T22:36:38","date_gmt":"2021-02-25T22:36:38","guid":{"rendered":"http:\/\/goiasemtempo.com.br\/home\/?p=59267"},"modified":"2021-02-25T22:36:38","modified_gmt":"2021-02-25T22:36:38","slug":"anapolis-inicia-no-proximo-domingo-28-vacinacao-para-cadastrados-no-zap-da-vacina-com-mais-de-75-anos","status":"publish","type":"post","link":"https:\/\/goiasemtempo.com.br\/home\/anapolis-inicia-no-proximo-domingo-28-vacinacao-para-cadastrados-no-zap-da-vacina-com-mais-de-75-anos\/","title":{"rendered":"An\u00e1polis inicia no pr\u00f3ximo domingo , 28, vacina\u00e7\u00e3o para cadastrados no Zap da Vacina com mais de 75 anos"},"content":{"rendered":"<p>Idosos com idade igual ou superior a 75 anos de idade que j\u00e1 se cadastraram no ZAP da Vacina para receber a primeira dose em An\u00e1polis, j\u00e1 podem ser imunizados no pr\u00f3ximo domingo, 28, das 8h \u00e0s 16h, em sistema drive-thru, no viaduto da Brasil (cruzamento da Av. Brasil com a Av. Goi\u00e1s), na CMTT e em quatro pontos fixos de vacina\u00e7\u00e3o que estar\u00e3o abertos: Unidades de sa\u00fade da Vila Uni\u00e3o, Vila Norte e Filostro Machado.<\/p>\n<p>Al\u00e9m dos novos cadastrados, tamb\u00e9m podem receber a vacina os idosos acima de 80 anos que j\u00e1 foram imunizados e necessitam receber a segunda dose. \u201cPara saber a data correta, \u00e9 necess\u00e1rio identificar o dia da primeira dose e a data limite no cart\u00e3o de vacinas. Aqueles que foram vacinados em domic\u00edlio e n\u00e3o s\u00e3o acamados tamb\u00e9m devem procurar um dos pontos de vacina\u00e7\u00e3o para receberem a segunda dose\u201d, frisa a diretora de Vigil\u00e2ncia em Sa\u00fade, Mirlene Garcia. Ela explica que a partir de 14 dias da primeira dose a pessoa j\u00e1 pode receber a segunda.<\/p>\n<p>O idoso deve levar documentos pessoais e cart\u00e3o SUS e de vacina (se tiver). At\u00e9 o momento, 13.832 pessoas foram vacinadas em An\u00e1polis, entre idosos com idade igual ou superior a 80 anos (1\u00aa e 2\u00aa dose) e profissionais da linha de frente da sa\u00fade.<\/p>\n<p><strong>Cadastro<\/strong><\/p>\n<p>Para fazer o cadastramento, a pessoa deve acessar o Zap da Vacina no endere\u00e7o http:\/\/www.anapolis.go.gov.br\/portal\/zapdaprefeitura\/ de segunda a sexta, das 8h \u00e0s 18h. O atendente vai pedir os documentos pessoais para fazer o cadastro e finaliz\u00e1-lo. Os casos de pacientes acamados devem ser informados, pois, neste caso, a imuniza\u00e7\u00e3o ser\u00e1 realizada em domic\u00edlio. Para dar mais celeridade, foi ampliado o n\u00famero de atendentes. Outra medida que agiliza o atendimento \u00e9 que a procura no Zap seja somente para pessoas do grupo priorit\u00e1rio de idosos com idade igual ou acima de 75 anos.<\/p>\n","protected":false},"excerpt":{"rendered":"<p>Idosos com idade igual ou superior a 75 anos de idade que j\u00e1 se cadastraram no ZAP da Vacina para receber a primeira dose em An\u00e1polis, j\u00e1 podem ser imunizados no pr\u00f3ximo domingo, 28, das 8h \u00e0s 16h, em sistema drive-thru, no viaduto da Brasil (cruzamento da Av. Brasil com a Av. Goi\u00e1s), na CMTT &hellip;<\/p>\n","protected":false},"author":3,"featured_media":59268,"comment_status":"open","ping_status":"open","sticky":false,"template":"","format":"standard","meta":{"_exactmetrics_skip_tracking":false,"_exactmetrics_sitenote_active":false,"_exactmetrics_sitenote_note":"","_exactmetrics_sitenote_category":0,"footnotes":""},"categories":[18,19,458],"tags":[],"_links":{"self":[{"href":"https:\/\/goiasemtempo.com.br\/home\/wp-json\/wp\/v2\/posts\/59267"}],"collection":[{"href":"https:\/\/goiasemtempo.com.br\/home\/wp-json\/wp\/v2\/posts"}],"about":[{"href":"https:\/\/goiasemtempo.com.br\/home\/wp-json\/wp\/v2\/types\/post"}],"author":[{"embeddable":true,"href":"https:\/\/goiasemtempo.com.br\/home\/wp-json\/wp\/v2\/users\/3"}],"replies":[{"embeddable":true,"href":"https:\/\/goiasemtempo.com.br\/home\/wp-json\/wp\/v2\/comments?post=59267"}],"version-history":[{"count":1,"href":"https:\/\/goiasemtempo.com.br\/home\/wp-json\/wp\/v2\/posts\/59267\/revisions"}],"predecessor-version":[{"id":59269,"href":"https:\/\/goiasemtempo.com.br\/home\/wp-json\/wp\/v2\/posts\/59267\/revisions\/59269"}],"wp:featuredmedia":[{"embeddable":true,"href":"https:\/\/goiasemtempo.com.br\/home\/wp-json\/wp\/v2\/media\/59268"}],"wp:attachment":[{"href":"https:\/\/goiasemtempo.com.br\/home\/wp-json\/wp\/v2\/media?parent=59267"}],"wp:term":[{"taxonomy":"category","embeddable":true,"href":"https:\/\/goiasemtempo.com.br\/home\/wp-json\/wp\/v2\/categories?post=59267"},{"taxonomy":"post_tag","embeddable":true,"href":"https:\/\/goiasemtempo.com.br\/home\/wp-json\/wp\/v2\/tags?post=59267"}],"curies":[{"name":"wp","href":"https:\/\/api.w.org\/{rel}","templated":true}]}}