{"id":59243,"date":"2021-02-23T21:25:48","date_gmt":"2021-02-23T21:25:48","guid":{"rendered":"http:\/\/goiasemtempo.com.br\/home\/?p=59243"},"modified":"2021-02-23T21:25:48","modified_gmt":"2021-02-23T21:25:48","slug":"anapolis-entra-em-acordo-com-a-urban-para-impedir-disseminacao-da-covid-19","status":"publish","type":"post","link":"https:\/\/goiasemtempo.com.br\/home\/anapolis-entra-em-acordo-com-a-urban-para-impedir-disseminacao-da-covid-19\/","title":{"rendered":"An\u00e1polis entra em acordo com a Urban para impedir dissemina\u00e7\u00e3o da covid-19"},"content":{"rendered":"<p>A Companhia Municipal de Tr\u00e2nsito, Transportes e Servi\u00e7os Urbanos (CMTT) informa que come\u00e7ou segunda-feira (22\/2) as a\u00e7\u00f5es para a preven\u00e7\u00e3o do coronav\u00edrus no sistema de transporte coletivo de An\u00e1polis. As medidas fazem parte do novo cen\u00e1rio da matriz de risco, que muda do n\u00edvel leve para moderado na cidade. A companhia adotou trabalhar a conscientiza\u00e7\u00e3o, expandir a higieniza\u00e7\u00e3o de terminais e \u00f4nibus e ainda aumentar o n\u00famero de ve\u00edculos nas principais linhas, com isso diminui a possibilidade de circula\u00e7\u00e3o do v\u00edrus, j\u00e1 que isso aumenta quando h\u00e1 aglomera\u00e7\u00f5es de pessoas.<\/p>\n<p>Estas decis\u00f5es foram acertadas ap\u00f3s reuni\u00e3o realizada na manh\u00e3 da \u00faltima sexta-feira (19), na CMTT, com a equipe do \u00f3rg\u00e3o, incluindo o diretor de Tr\u00e2nsito, Transportes e educa\u00e7\u00e3o, Igor Lino Siqueira, e o gerente de Transporte, Enivaldo Dias Soares; o gerente da Vigil\u00e2ncia Sanit\u00e1ria no munic\u00edpio, G\u00fabio Dias Pereira; e a representante da Urban, Rafaela Rocha Lopes.<\/p>\n<p>Al\u00e9m das medidas citadas, a fiscaliza\u00e7\u00e3o nos \u00f4nibus tamb\u00e9m ser\u00e1 refor\u00e7ada com a Vigil\u00e2ncia Sanit\u00e1ria e a Pol\u00edcia Militar. Os fiscais v\u00e3o impedir o excesso de passageiros dentro dos \u00f4nibus, aglomera\u00e7\u00f5es em terminais e exigir o uso de m\u00e1scara protetora facial.<\/p>\n<p>Para o diretor de Tr\u00e2nsito Igor Lino, as a\u00e7\u00f5es de fiscaliza\u00e7\u00e3o s\u00e3o necess\u00e1rias para que seja contido o aumento de casos, pedido feito pelo prefeito de An\u00e1polis, Roberto Naves.<\/p>\n<div class=\"jeg_ad jeg_ad_article jnews_content_inline_2_ads \">\n<div class=\"ads-wrapper align-center \">\n<div class=\"ads_code\">\n<div id=\"div-gpt-ad-1585687374303-0\"><\/div>\n<\/div>\n<\/div>\n<\/div>\n<p>\u201cNossas atividades est\u00e3o alinhadas com as determina\u00e7\u00f5es do prefeito, que orientou o m\u00e1ximo de empenho para evitar aglomera\u00e7\u00e3o e, por consequ\u00eancia, diminuir os riscos de contamina\u00e7\u00e3o\u201d, diz.<\/p>\n","protected":false},"excerpt":{"rendered":"<p>A Companhia Municipal de Tr\u00e2nsito, Transportes e Servi\u00e7os Urbanos (CMTT) informa que come\u00e7ou segunda-feira (22\/2) as a\u00e7\u00f5es para a preven\u00e7\u00e3o do coronav\u00edrus no sistema de transporte coletivo de An\u00e1polis. As medidas fazem parte do novo cen\u00e1rio da matriz de risco, que muda do n\u00edvel leve para moderado na cidade. A companhia adotou trabalhar a conscientiza\u00e7\u00e3o, &hellip;<\/p>\n","protected":false},"author":3,"featured_media":59245,"comment_status":"open","ping_status":"open","sticky":false,"template":"","format":"standard","meta":{"_exactmetrics_skip_tracking":false,"_exactmetrics_sitenote_active":false,"_exactmetrics_sitenote_note":"","_exactmetrics_sitenote_category":0,"footnotes":""},"categories":[18,19],"tags":[],"_links":{"self":[{"href":"https:\/\/goiasemtempo.com.br\/home\/wp-json\/wp\/v2\/posts\/59243"}],"collection":[{"href":"https:\/\/goiasemtempo.com.br\/home\/wp-json\/wp\/v2\/posts"}],"about":[{"href":"https:\/\/goiasemtempo.com.br\/home\/wp-json\/wp\/v2\/types\/post"}],"author":[{"embeddable":true,"href":"https:\/\/goiasemtempo.com.br\/home\/wp-json\/wp\/v2\/users\/3"}],"replies":[{"embeddable":true,"href":"https:\/\/goiasemtempo.com.br\/home\/wp-json\/wp\/v2\/comments?post=59243"}],"version-history":[{"count":2,"href":"https:\/\/goiasemtempo.com.br\/home\/wp-json\/wp\/v2\/posts\/59243\/revisions"}],"predecessor-version":[{"id":59246,"href":"https:\/\/goiasemtempo.com.br\/home\/wp-json\/wp\/v2\/posts\/59243\/revisions\/59246"}],"wp:featuredmedia":[{"embeddable":true,"href":"https:\/\/goiasemtempo.com.br\/home\/wp-json\/wp\/v2\/media\/59245"}],"wp:attachment":[{"href":"https:\/\/goiasemtempo.com.br\/home\/wp-json\/wp\/v2\/media?parent=59243"}],"wp:term":[{"taxonomy":"category","embeddable":true,"href":"https:\/\/goiasemtempo.com.br\/home\/wp-json\/wp\/v2\/categories?post=59243"},{"taxonomy":"post_tag","embeddable":true,"href":"https:\/\/goiasemtempo.com.br\/home\/wp-json\/wp\/v2\/tags?post=59243"}],"curies":[{"name":"wp","href":"https:\/\/api.w.org\/{rel}","templated":true}]}}