{"id":59178,"date":"2021-02-22T12:58:55","date_gmt":"2021-02-22T12:58:55","guid":{"rendered":"http:\/\/goiasemtempo.com.br\/home\/?p=59178"},"modified":"2021-02-22T12:58:55","modified_gmt":"2021-02-22T12:58:55","slug":"enel-prorroga-inscricoes-para-vagas-de-estagio-em-goias-rio-sao-paulo-e-ceara","status":"publish","type":"post","link":"https:\/\/goiasemtempo.com.br\/home\/enel-prorroga-inscricoes-para-vagas-de-estagio-em-goias-rio-sao-paulo-e-ceara\/","title":{"rendered":"ENEL prorroga inscri\u00e7\u00f5es para vagas de est\u00e1gio em Goi\u00e1s, Rio, S\u00e3o Paulo, e Cear\u00e1"},"content":{"rendered":"<div>\n<div>\n<p><span lang=\"PT-BR\">A<\/span><span lang=\"PT-BR\">\u00a0Enel Brasil prorrogou o prazo para inscri\u00e7\u00f5es no\u00a0<\/span><span lang=\"PT-BR\">Programa de Est\u00e1gio 2021<\/span><span lang=\"PT-BR\">. Agora os candidatos t\u00eam at\u00e9 o dia 28 de fevereiro para concorrer a uma das\u00a0<\/span><span lang=\"PT-BR\">150 vagas\u00a0<\/span><span lang=\"PT-BR\">que a companhia est\u00e1 oferecendo\u00a0<\/span><span lang=\"PT-BR\">nos estados de S\u00e3o Paulo, Rio de Janeiro, Goi\u00e1s e Cear\u00e1<\/span><span lang=\"PT-BR\">,<\/span><span lang=\"PT-BR\">\u00a0nas\u00a0<\/span><span lang=\"PT-BR\">seguintes \u00e1reas de estudo: Administra\u00e7\u00e3o, Engenharias, Ci\u00eancias Cont\u00e1beis e Economia.<\/span><span lang=\"PT-BR\">\u00a0<\/span><span lang=\"PT-BR\">Em Goi\u00e1s, s\u00e3o cerca de 20 vagas.<\/span><\/p>\n<\/div>\n<\/div>\n<div>\n<p><span lang=\"PT-BR\">As oportunidades s\u00e3o direcionadas a estudantes que estejam h\u00e1 dois anos da conclus\u00e3o do ensino superior ou a um ano da forma\u00e7\u00e3o no n\u00edvel t\u00e9cnico. A oferta \u00e9 principalmente para alunos dos cursos de Engenharia El\u00e9trica e Engenharia de Produ\u00e7\u00e3o.\u00a0<\/span><span lang=\"PT-BR\">As inscri\u00e7\u00f5es podem ser feitas pelo\u00a0<\/span><a href=\"https:\/\/urldefense.com\/v3\/__https:\/\/app.jobconvo.com\/pt-br\/careers\/enel-2021\/64026924-8d01-4c66-b2ed-feb4ec57abb1\/__;!!OjemSMKBgg!0BYOTVhhUEg193YACEStc6CdfMeC6xT8azS_-vMZXJ7Nnplm09U8OKg2dUCEWG-CoQ$\" target=\"_blank\" rel=\"noreferrer noopener\" data-saferedirecturl=\"https:\/\/www.google.com\/url?q=https:\/\/urldefense.com\/v3\/__https:\/\/app.jobconvo.com\/pt-br\/careers\/enel-2021\/64026924-8d01-4c66-b2ed-feb4ec57abb1\/__;!!OjemSMKBgg!0BYOTVhhUEg193YACEStc6CdfMeC6xT8azS_-vMZXJ7Nnplm09U8OKg2dUCEWG-CoQ$&amp;source=gmail&amp;ust=1614084390023000&amp;usg=AFQjCNFNb5iSnQdmOwPj50JMENH3moKObA\"><span lang=\"PT-BR\">site da companhia<\/span><\/a><span lang=\"PT-BR\">.<\/span><\/p>\n<\/div>\n<div>\n<p><span lang=\"PT-BR\">O Programa de Est\u00e1gio da Enel\u00a0<\/span><span lang=\"PT-BR\">Brasil, um dos maiores grupos privados do setor de energia do\u00a0<\/span><span lang=\"PT-BR\">P<\/span><span lang=\"PT-BR\">a\u00eds<\/span><span lang=\"PT-BR\">,<\/span><span lang=\"PT-BR\">\u00a0<\/span><span lang=\"PT-BR\">tem o objetivo de inspirar, desenvolver e formar futuros profissionais que, desde o in\u00edcio, vivenciam a miss\u00e3o Open Power da companhia: de abrir o acesso \u00e0 energia a mais pessoas e contribuir para um setor que est\u00e1 em um importante momento de mudan\u00e7as e evolu\u00e7\u00e3o. Para a Enel, a diversidade \u00e9 um tema muito importante. A companhia acredita que diferentes hist\u00f3rias, habilidades e vis\u00f5es de mundo, encontradas na diversidade de pessoas, ajudar\u00e3o a construir a melhor experi\u00eancia para os\u00a0<\/span><span lang=\"PT-BR\">diferentes p\u00fablicos e\u00a0<\/span><span lang=\"PT-BR\">clientes.<\/span><\/p>\n<\/div>\n<div>\n<p><span lang=\"PT-BR\">Os candidatos devem ter disponibilidade para estagiar por seis horas por dia. As etapas do processo seletivo ser\u00e3o todas online<\/span><span lang=\"PT-BR\">,<\/span><span lang=\"PT-BR\">\u00a0com din\u00e2mica<\/span><span lang=\"PT-BR\">s<\/span><span lang=\"PT-BR\">\u00a0em grupo e entrevistas individuais. Os selecionados come\u00e7ar\u00e3o a trabalhar em abril de 2021. Al\u00e9m disso, vale destacar que a empresa oferece bolsa-aux\u00edlio compat\u00edvel com o mercado, aux\u00edlio transporte e vale refei\u00e7\u00e3o.\u00a0<\/span><\/p>\n<\/div>\n<div>\n<p><span lang=\"PT-BR\">Ao t\u00e9rmino do programa, que tem dura\u00e7\u00e3o de um ano e meio a dois<\/span><span lang=\"PT-BR\">\u00a0anos<\/span><span lang=\"PT-BR\">, o objetivo \u00e9 que os estagi\u00e1rios estejam aptos a participarem de processos seletivos das posi\u00e7\u00f5es de T\u00e9cnico ou Analista Jr da companhia.<\/span><\/p>\n<\/div>\n<div>\n<p><span lang=\"PT-BR\">Servi\u00e7o<\/span><\/p>\n<\/div>\n<div>\n<p><span lang=\"PT-BR\">Vagas de est\u00e1gio Enel<\/span><\/p>\n<\/div>\n<div>\n<p><span lang=\"PT-BR\">Inscri\u00e7\u00f5es:\u00a0<\/span><span lang=\"PT-BR\">at\u00e9 28<\/span><span lang=\"PT-BR\">\u00a0de fevereiro<\/span><\/p>\n<\/div>\n<div>\n<p><span lang=\"PT-BR\">Link para inscri\u00e7\u00e3o:\u00a0<\/span><a href=\"https:\/\/is.gd\/vagasdeestagioenel2021\" target=\"_blank\" rel=\"noreferrer noopener\" data-saferedirecturl=\"https:\/\/www.google.com\/url?q=https:\/\/is.gd\/vagasdeestagioenel2021&amp;source=gmail&amp;ust=1614084390024000&amp;usg=AFQjCNFTCcAVZP8WFlFimeVcCIwUhtapAQ\"><span lang=\"PT-BR\">https:\/\/is.gd\/<wbr \/>vagasdeestagioenel2021<\/span><\/a><\/p>\n<\/div>\n<div>\n<p>&nbsp;<\/p>\n<\/div>\n","protected":false},"excerpt":{"rendered":"<p>A\u00a0Enel Brasil prorrogou o prazo para inscri\u00e7\u00f5es no\u00a0Programa de Est\u00e1gio 2021. Agora os candidatos t\u00eam at\u00e9 o dia 28 de fevereiro para concorrer a uma das\u00a0150 vagas\u00a0que a companhia est\u00e1 oferecendo\u00a0nos estados de S\u00e3o Paulo, Rio de Janeiro, Goi\u00e1s e Cear\u00e1,\u00a0nas\u00a0seguintes \u00e1reas de estudo: Administra\u00e7\u00e3o, Engenharias, Ci\u00eancias Cont\u00e1beis e Economia.\u00a0Em Goi\u00e1s, s\u00e3o cerca de 20 &hellip;<\/p>\n","protected":false},"author":3,"featured_media":59179,"comment_status":"open","ping_status":"open","sticky":false,"template":"","format":"standard","meta":{"_exactmetrics_skip_tracking":false,"_exactmetrics_sitenote_active":false,"_exactmetrics_sitenote_note":"","_exactmetrics_sitenote_category":0,"footnotes":""},"categories":[459],"tags":[],"_links":{"self":[{"href":"https:\/\/goiasemtempo.com.br\/home\/wp-json\/wp\/v2\/posts\/59178"}],"collection":[{"href":"https:\/\/goiasemtempo.com.br\/home\/wp-json\/wp\/v2\/posts"}],"about":[{"href":"https:\/\/goiasemtempo.com.br\/home\/wp-json\/wp\/v2\/types\/post"}],"author":[{"embeddable":true,"href":"https:\/\/goiasemtempo.com.br\/home\/wp-json\/wp\/v2\/users\/3"}],"replies":[{"embeddable":true,"href":"https:\/\/goiasemtempo.com.br\/home\/wp-json\/wp\/v2\/comments?post=59178"}],"version-history":[{"count":1,"href":"https:\/\/goiasemtempo.com.br\/home\/wp-json\/wp\/v2\/posts\/59178\/revisions"}],"predecessor-version":[{"id":59180,"href":"https:\/\/goiasemtempo.com.br\/home\/wp-json\/wp\/v2\/posts\/59178\/revisions\/59180"}],"wp:featuredmedia":[{"embeddable":true,"href":"https:\/\/goiasemtempo.com.br\/home\/wp-json\/wp\/v2\/media\/59179"}],"wp:attachment":[{"href":"https:\/\/goiasemtempo.com.br\/home\/wp-json\/wp\/v2\/media?parent=59178"}],"wp:term":[{"taxonomy":"category","embeddable":true,"href":"https:\/\/goiasemtempo.com.br\/home\/wp-json\/wp\/v2\/categories?post=59178"},{"taxonomy":"post_tag","embeddable":true,"href":"https:\/\/goiasemtempo.com.br\/home\/wp-json\/wp\/v2\/tags?post=59178"}],"curies":[{"name":"wp","href":"https:\/\/api.w.org\/{rel}","templated":true}]}}