{"id":59174,"date":"2021-02-22T12:50:39","date_gmt":"2021-02-22T12:50:39","guid":{"rendered":"http:\/\/goiasemtempo.com.br\/home\/?p=59174"},"modified":"2021-02-22T12:51:22","modified_gmt":"2021-02-22T12:51:22","slug":"sine-anapolis-oferece-quase-500-vagas-de-emprego-nesta-segunda-feira22-confira-as-principais","status":"publish","type":"post","link":"https:\/\/goiasemtempo.com.br\/home\/sine-anapolis-oferece-quase-500-vagas-de-emprego-nesta-segunda-feira22-confira-as-principais\/","title":{"rendered":"SINE An\u00e1polis oferece quase 500 vagas de emprego nesta segunda-feira,22 : Confira as principais."},"content":{"rendered":"<p><strong>Das 492 vagas abertas segue as principais do dia.<\/strong><\/p>\n<p><strong>03 \u2013 Vagas para \u2013 Acabador de M\u00e1rmore e Granito<\/strong><br \/>\n<strong>10 \u2013 Vagas para \u2013 A\u00e7ougueiro<\/strong><br \/>\n<strong>04 \u2013 Vagas para \u2013 Ajudante de Serralheiro<\/strong><br \/>\n<strong>01 \u2013 Vaga para \u2013 Alinhador de Dire\u00e7\u00e3o<\/strong><br \/>\n<strong>01 \u2013 Vaga para \u2013 Analista de Telemarketing<\/strong><br \/>\n<strong>02 \u2013 Vagas para \u2013 Auxiliar de Marceneiro<\/strong><br \/>\n<strong>01 \u2013 Vaga para \u2013 Auxiliar Mec\u00e2nico de Refrigera\u00e7\u00e3o<\/strong><br \/>\n<strong>02 \u2013 Vagas para \u2013 Bordadeira<\/strong><br \/>\n<strong>07 \u2013 Vagas para \u2013 Carpinteiro<\/strong><br \/>\n<strong>09 \u2013 Vagas para \u2013 Caseiro<\/strong><br \/>\n<strong>01 \u2013 Vaga para \u2013 Condutor de Pavimentadora<\/strong><br \/>\n<strong>04 \u2013 Vagas para \u2013 Corretor de Im\u00f3veis<\/strong><br \/>\n<strong>02 \u2013 Vagas para \u2013 Cortador de Roupas<\/strong><br \/>\n<strong>02 \u2013 Vagas para \u2013 Eletricista<\/strong><br \/>\n<strong>01 \u2013 Vaga para \u2013 Faturista<\/strong><br \/>\n<strong>01 \u2013 Vaga para \u2013 Mec\u00e2nico Eletricista de Diesel<\/strong><br \/>\n<strong>02 \u2013 Vagas para \u2013 Mec\u00e2nico de Motor a Diesel<\/strong><br \/>\n<strong>07 \u2013 Vagas para \u2013 Motociclista (Motofretista)<\/strong><br \/>\n<strong>02 \u2013 Vagas para \u2013 Redator de Publicidade (Uma vaga \u00e9 para Est\u00e1gio)<\/strong><\/p>\n<p><b><i>Fone: (62) 3324-8396 Capta\u00e7\u00e3o de vagas<\/i><i><br \/>\n<\/i><\/b><\/p>\n<p><b><i>3902-1350 Retornos de vagas<\/i><\/b><\/p>\n","protected":false},"excerpt":{"rendered":"<p>Das 492 vagas abertas segue as principais do dia. 03 \u2013 Vagas para \u2013 Acabador de M\u00e1rmore e Granito 10 \u2013 Vagas para \u2013 A\u00e7ougueiro 04 \u2013 Vagas para \u2013 Ajudante de Serralheiro 01 \u2013 Vaga para \u2013 Alinhador de Dire\u00e7\u00e3o 01 \u2013 Vaga para \u2013 Analista de Telemarketing 02 \u2013 Vagas para \u2013 Auxiliar &hellip;<\/p>\n","protected":false},"author":3,"featured_media":59175,"comment_status":"open","ping_status":"open","sticky":false,"template":"","format":"standard","meta":{"_exactmetrics_skip_tracking":false,"_exactmetrics_sitenote_active":false,"_exactmetrics_sitenote_note":"","_exactmetrics_sitenote_category":0,"footnotes":""},"categories":[18,459],"tags":[],"_links":{"self":[{"href":"https:\/\/goiasemtempo.com.br\/home\/wp-json\/wp\/v2\/posts\/59174"}],"collection":[{"href":"https:\/\/goiasemtempo.com.br\/home\/wp-json\/wp\/v2\/posts"}],"about":[{"href":"https:\/\/goiasemtempo.com.br\/home\/wp-json\/wp\/v2\/types\/post"}],"author":[{"embeddable":true,"href":"https:\/\/goiasemtempo.com.br\/home\/wp-json\/wp\/v2\/users\/3"}],"replies":[{"embeddable":true,"href":"https:\/\/goiasemtempo.com.br\/home\/wp-json\/wp\/v2\/comments?post=59174"}],"version-history":[{"count":2,"href":"https:\/\/goiasemtempo.com.br\/home\/wp-json\/wp\/v2\/posts\/59174\/revisions"}],"predecessor-version":[{"id":59177,"href":"https:\/\/goiasemtempo.com.br\/home\/wp-json\/wp\/v2\/posts\/59174\/revisions\/59177"}],"wp:featuredmedia":[{"embeddable":true,"href":"https:\/\/goiasemtempo.com.br\/home\/wp-json\/wp\/v2\/media\/59175"}],"wp:attachment":[{"href":"https:\/\/goiasemtempo.com.br\/home\/wp-json\/wp\/v2\/media?parent=59174"}],"wp:term":[{"taxonomy":"category","embeddable":true,"href":"https:\/\/goiasemtempo.com.br\/home\/wp-json\/wp\/v2\/categories?post=59174"},{"taxonomy":"post_tag","embeddable":true,"href":"https:\/\/goiasemtempo.com.br\/home\/wp-json\/wp\/v2\/tags?post=59174"}],"curies":[{"name":"wp","href":"https:\/\/api.w.org\/{rel}","templated":true}]}}