{"id":59127,"date":"2021-02-20T15:52:37","date_gmt":"2021-02-20T15:52:37","guid":{"rendered":"http:\/\/goiasemtempo.com.br\/home\/?p=59127"},"modified":"2021-02-20T15:52:37","modified_gmt":"2021-02-20T15:52:37","slug":"um-dia-apos-perder-mulher-gravida-para-covid-19cantor-goiano-morre-com-mesma-doenca","status":"publish","type":"post","link":"https:\/\/goiasemtempo.com.br\/home\/um-dia-apos-perder-mulher-gravida-para-covid-19cantor-goiano-morre-com-mesma-doenca\/","title":{"rendered":"Um dia ap\u00f3s perder mulher gr\u00e1vida para Covid-19,Cantor goiano morre com mesma doen\u00e7a"},"content":{"rendered":"<p>O<strong>\u00a0cantor goiano<\/strong>\u00a0Andr\u00e9 Junio morreu em decorr\u00eancia da\u00a0<a href=\"https:\/\/www.emaisgoias.com.br\/tag\/coronavirus\/\" target=\"_blank\" rel=\"noopener noreferrer\"><strong>Covid-19<\/strong><\/a>, no\u00a0<strong>Hospital Santa Maria<\/strong>, na sexta-feira (19). O artista foi a\u00a0<strong>\u00f3bito<\/strong> um dia ap\u00f3s perder a esposa gr\u00e1vida de 7 meses tamb\u00e9m por conta da doen\u00e7a.\u00a0 \u00a0 \u00a0 \u00a0 \u00a0 \u00a0 \u00a0O <strong>beb\u00ea<\/strong>\u00a0do casal, que se chamaria Joaquim, n\u00e3o resistiu \u00e0 Ces\u00e1rea.<\/p>\n<p>Andr\u00e9 Junio foi internado juntamente com a esposa na unidade de sa\u00fade, no dia 8 de fevereiro. A esposa,t\u00e9cnica de enfermagem Tammy Ferreira,morreu na \u00faltima quinta-feira (17).No mesmo dia, o artista foi intubado ap\u00f3s apresentar piora no quadro cl\u00ednico. Ele foi a \u00f3bito sem saber da morte da companheira e do filho.<\/p>\n<p>O artista tinha 34 anos e cantava na\u00a0<strong>Banda Leave<\/strong>\u00a0h\u00e1 6 anos. Amigo de Andr\u00e9 e diretor da banda, Leandro Venancio contou que, na manh\u00e3 deste s\u00e1bado (20), ainda estavam sendo definidos local e hor\u00e1rio do enterro. Segundo ele, os colegas pretendem fazer uma \u00faltima homenagem ao cantor.<\/p>\n<div class=\"mc-column content-text active-extra-styles\" data-block-type=\"raw\" data-block-weight=\"5\" data-block-id=\"9\">\n<div class=\"content-intertitle\">\n<h2>Morte da esposa e filho<\/h2>\n<\/div>\n<p>Na quarta-feira (17), a esposa do cantor, a t\u00e9cnica em enfermagem Tammy Ferreira, de 33 anos, morreu tamb\u00e9m com Covid-19. Ela estava no 7\u00ba m\u00eas de gesta\u00e7\u00e3o do beb\u00ea do casal, que se chamaria Joaquim, de acordo com publica\u00e7\u00f5es nas redes sociais do grupo musical de Juninho.<\/p>\n<\/div>\n<div class=\"mc-column content-text active-extra-styles \" data-block-type=\"unstyled\" data-block-weight=\"32\" data-block-id=\"11\">\n<p class=\"content-text__container \" data-track-category=\"Link no Texto\" data-track-links=\"\">De acordo com a banda, os m\u00e9dicos fizeram uma ces\u00e1rea para tentar salvar o beb\u00ea, mas ele tamb\u00e9m n\u00e3o resistiu. Ambos foram sepultados no Maranh\u00e3o, de onde \u00e9 a fam\u00edlia dela originalmente.<\/p>\n<\/div>\n<div class=\"mc-column content-text active-extra-styles \" data-block-type=\"unstyled\" data-block-weight=\"13\" data-block-id=\"12\">\n<p class=\"content-text__container \" data-track-category=\"Link no Texto\" data-track-links=\"\">Tammy era t\u00e9cnica em enfermagem e trabalhava no Hospital de Queimaduras da capital.<\/p>\n<\/div>\n<div class=\"mc-column content-text active-extra-styles \" data-block-type=\"unstyled\" data-block-weight=\"46\" data-block-id=\"13\">\n<p class=\"content-text__container \" data-track-category=\"Link no Texto\" data-track-links=\"\">A unidade de sa\u00fade informou que a funcion\u00e1ria estava afastada do trabalho com pacientes e atuava na \u00e1rea administrativa do hospital justamente por a gravidez ser um fator de risco para a Covid-19. Tamb\u00e9m segundo eles, ela afastada do trabalho logo que foi diagnosticada com coronav\u00edrus.<\/p>\n<\/div>\n<p>Com Ag\u00eancia de Not\u00edcias<\/p>\n","protected":false},"excerpt":{"rendered":"<p>O\u00a0cantor goiano\u00a0Andr\u00e9 Junio morreu em decorr\u00eancia da\u00a0Covid-19, no\u00a0Hospital Santa Maria, na sexta-feira (19). O artista foi a\u00a0\u00f3bito um dia ap\u00f3s perder a esposa gr\u00e1vida de 7 meses tamb\u00e9m por conta da doen\u00e7a.\u00a0 \u00a0 \u00a0 \u00a0 \u00a0 \u00a0 \u00a0O beb\u00ea\u00a0do casal, que se chamaria Joaquim, n\u00e3o resistiu \u00e0 Ces\u00e1rea. Andr\u00e9 Junio foi internado juntamente com a &hellip;<\/p>\n","protected":false},"author":3,"featured_media":59128,"comment_status":"open","ping_status":"open","sticky":false,"template":"","format":"standard","meta":{"_exactmetrics_skip_tracking":false,"_exactmetrics_sitenote_active":false,"_exactmetrics_sitenote_note":"","_exactmetrics_sitenote_category":0,"footnotes":""},"categories":[45],"tags":[],"_links":{"self":[{"href":"https:\/\/goiasemtempo.com.br\/home\/wp-json\/wp\/v2\/posts\/59127"}],"collection":[{"href":"https:\/\/goiasemtempo.com.br\/home\/wp-json\/wp\/v2\/posts"}],"about":[{"href":"https:\/\/goiasemtempo.com.br\/home\/wp-json\/wp\/v2\/types\/post"}],"author":[{"embeddable":true,"href":"https:\/\/goiasemtempo.com.br\/home\/wp-json\/wp\/v2\/users\/3"}],"replies":[{"embeddable":true,"href":"https:\/\/goiasemtempo.com.br\/home\/wp-json\/wp\/v2\/comments?post=59127"}],"version-history":[{"count":1,"href":"https:\/\/goiasemtempo.com.br\/home\/wp-json\/wp\/v2\/posts\/59127\/revisions"}],"predecessor-version":[{"id":59129,"href":"https:\/\/goiasemtempo.com.br\/home\/wp-json\/wp\/v2\/posts\/59127\/revisions\/59129"}],"wp:featuredmedia":[{"embeddable":true,"href":"https:\/\/goiasemtempo.com.br\/home\/wp-json\/wp\/v2\/media\/59128"}],"wp:attachment":[{"href":"https:\/\/goiasemtempo.com.br\/home\/wp-json\/wp\/v2\/media?parent=59127"}],"wp:term":[{"taxonomy":"category","embeddable":true,"href":"https:\/\/goiasemtempo.com.br\/home\/wp-json\/wp\/v2\/categories?post=59127"},{"taxonomy":"post_tag","embeddable":true,"href":"https:\/\/goiasemtempo.com.br\/home\/wp-json\/wp\/v2\/tags?post=59127"}],"curies":[{"name":"wp","href":"https:\/\/api.w.org\/{rel}","templated":true}]}}