{"id":5910,"date":"2017-12-25T04:31:02","date_gmt":"2017-12-25T04:31:02","guid":{"rendered":"http:\/\/goiasemtempo.com.br\/home\/?p=5910"},"modified":"2017-12-25T04:31:02","modified_gmt":"2017-12-25T04:31:02","slug":"temer-fala-em-respeito-as-instituicoes-e-cita-relacao-entre-poderes","status":"publish","type":"post","link":"https:\/\/goiasemtempo.com.br\/home\/temer-fala-em-respeito-as-instituicoes-e-cita-relacao-entre-poderes\/","title":{"rendered":"Temer fala em respeito \u00e0s institui\u00e7\u00f5es e cita rela\u00e7\u00e3o entre Poderes"},"content":{"rendered":"<p>Em cerim\u00f4nia e almo\u00e7o de apresenta\u00e7\u00e3o de oficiais-generais promovidos, o presidente Michel Temer elogiou hoje (18) a organiza\u00e7\u00e3o e disciplina das For\u00e7as Armadas. Segundo ele, no Brasil, geralmente n\u00e3o h\u00e1 muito apre\u00e7o pela hierarquia e pelas institui\u00e7\u00f5es, ao contr\u00e1rio do que ocorre nas For\u00e7as Armadas.<\/p>\n<p>\u201cN\u00f3s no Brasil n\u00e3o temos muito apre\u00e7o pela hierarquia no geral, pela organiza\u00e7\u00e3o. N\u00e3o temos muito apre\u00e7o pelas institui\u00e7\u00f5es. N\u00e3o s\u00e3o poucas vezes que digo que n\u00f3s precisamos reinstitucionalizar o pa\u00eds. Certa solenidade, certa cerim\u00f4nia no trato entre os Poderes \u00e9 fundamental\u201d, disse antes do almo\u00e7o com militares na Base A\u00e9rea de Bras\u00edlia.<\/p>\n<p>Ap\u00f3s dizer que \u00e9 necess\u00e1rio haver cerim\u00f4nia no trato entre os Poderes da Rep\u00fablica, Temer afirmou que se um representante do Executivo fala com algu\u00e9m do Judici\u00e1rio, isso gera especula\u00e7\u00e3o. Nos \u00faltimos meses, Temer sofreu cr\u00edticas por se reunir com o ministro do Supremo Tribunal Federal (STF), Gilmar Mendes.<\/p>\n<p>\u201cSe algu\u00e9m do Executivo fala com algu\u00e9m do Judici\u00e1rio isso j\u00e1 gera uma especula\u00e7\u00e3o, o que \u00e9 desmoralizante para quem ouve, porque se eu falo com algu\u00e9m do Judici\u00e1rio e sou capaz de influenci\u00e1-lo ao ponto dele mudar uma opini\u00e3o pessoal, ou jur\u00eddica, ou cient\u00edfica, \u00e9 porque ele n\u00e3o se presta para o cargo que exerce\u201d, disse.<\/p>\n<p>Temer afirmou que respeita as institui\u00e7\u00f5es e tamb\u00e9m a imprensa que ele disse ter papel fiscalizador. \u201cEu respeito todas as institui\u00e7\u00f5es, as pessoas, respeito as ideias divergentes, por mais que a imprensa possa fazer isto ou aquilo, brado em alto e bom som: viva a liberdade de imprensa. Porque ela \u00e9 tamb\u00e9m fiscalizadora para ajudar a governar o pa\u00eds. Ter respeito pelas outras figuras, pela oposi\u00e7\u00e3o, por aqueles que nos criticam \u00e9 uma foram de engrandecer o pa\u00eds\u201d.<\/p>\n<p>O presidente ainda elogiou o trabalho das For\u00e7as Armadas em miss\u00f5es de paz com as realizadas no Haiti e no L\u00edbano. O ministro da Defesa, Raul Jungmann, fez um balan\u00e7o sobre as atividades das \u00e1reas militares ao longo de 2017 e disse que, apesar das dificuldades, os projetos de defesa foram mantidos.<\/p>\n<p>\u201cApesar de todas as dificuldades que foram \u00edmpares que seu governo enfrentou, podemos dizer que tanto a capacidade operacional das For\u00e7as como seus projeto estrat\u00e9gicos est\u00e3o mantidos. Podemos dizer que mantivemos o rumo e a continuidade o que vinhamos construindo\u201d, disse.<\/p>\n","protected":false},"excerpt":{"rendered":"<p>Em cerim\u00f4nia e almo\u00e7o de apresenta\u00e7\u00e3o de oficiais-generais promovidos, o presidente Michel Temer elogiou hoje (18) a organiza\u00e7\u00e3o e disciplina das For\u00e7as Armadas. Segundo ele, no Brasil, geralmente n\u00e3o h\u00e1 muito apre\u00e7o pela hierarquia e pelas institui\u00e7\u00f5es, ao contr\u00e1rio do que ocorre nas For\u00e7as Armadas. \u201cN\u00f3s no Brasil n\u00e3o temos muito apre\u00e7o pela hierarquia no &hellip;<\/p>\n","protected":false},"author":2,"featured_media":1632,"comment_status":"open","ping_status":"open","sticky":false,"template":"","format":"standard","meta":{"_exactmetrics_skip_tracking":false,"_exactmetrics_sitenote_active":false,"_exactmetrics_sitenote_note":"","_exactmetrics_sitenote_category":0,"footnotes":""},"categories":[4],"tags":[],"_links":{"self":[{"href":"https:\/\/goiasemtempo.com.br\/home\/wp-json\/wp\/v2\/posts\/5910"}],"collection":[{"href":"https:\/\/goiasemtempo.com.br\/home\/wp-json\/wp\/v2\/posts"}],"about":[{"href":"https:\/\/goiasemtempo.com.br\/home\/wp-json\/wp\/v2\/types\/post"}],"author":[{"embeddable":true,"href":"https:\/\/goiasemtempo.com.br\/home\/wp-json\/wp\/v2\/users\/2"}],"replies":[{"embeddable":true,"href":"https:\/\/goiasemtempo.com.br\/home\/wp-json\/wp\/v2\/comments?post=5910"}],"version-history":[{"count":1,"href":"https:\/\/goiasemtempo.com.br\/home\/wp-json\/wp\/v2\/posts\/5910\/revisions"}],"predecessor-version":[{"id":5911,"href":"https:\/\/goiasemtempo.com.br\/home\/wp-json\/wp\/v2\/posts\/5910\/revisions\/5911"}],"wp:featuredmedia":[{"embeddable":true,"href":"https:\/\/goiasemtempo.com.br\/home\/wp-json\/wp\/v2\/media\/1632"}],"wp:attachment":[{"href":"https:\/\/goiasemtempo.com.br\/home\/wp-json\/wp\/v2\/media?parent=5910"}],"wp:term":[{"taxonomy":"category","embeddable":true,"href":"https:\/\/goiasemtempo.com.br\/home\/wp-json\/wp\/v2\/categories?post=5910"},{"taxonomy":"post_tag","embeddable":true,"href":"https:\/\/goiasemtempo.com.br\/home\/wp-json\/wp\/v2\/tags?post=5910"}],"curies":[{"name":"wp","href":"https:\/\/api.w.org\/{rel}","templated":true}]}}