{"id":58917,"date":"2021-02-09T16:18:09","date_gmt":"2021-02-09T16:18:09","guid":{"rendered":"http:\/\/goiasemtempo.com.br\/home\/?p=58917"},"modified":"2021-02-09T16:18:09","modified_gmt":"2021-02-09T16:18:09","slug":"animais-podem-entrar-individualmente-como-parte-em-processo-judicial-diz-projeto","status":"publish","type":"post","link":"https:\/\/goiasemtempo.com.br\/home\/animais-podem-entrar-individualmente-como-parte-em-processo-judicial-diz-projeto\/","title":{"rendered":"Animais podem entrar individualmente como parte em processo judicial, diz projeto"},"content":{"rendered":"<p>O Projeto de Lei 145\/21 altera o C\u00f3digo de Processo Civil para permitir que animais n\u00e3o-humanos possam ser, individualmente, parte em processos judiciais, sendo representados pelo Minist\u00e9rio P\u00fablico, pela Defensoria P\u00fablica, por associa\u00e7\u00f5es de prote\u00e7\u00e3o dos animais ou por quem detenha sua tutela ou guarda. O texto tramita na C\u00e2mara dos Deputados.<\/p>\n<p>A legisla\u00e7\u00e3o vigente prev\u00ea apenas a defesa coletiva dos animais, uma vez que, na falta de legisla\u00e7\u00e3o adequada, os animais n\u00e3o-humanos s\u00e3o tratados como parte do meio ambiente, especificamente a fauna.<\/p>\n<p>\u201cSe at\u00e9 uma pessoa jur\u00eddica, que muitas vezes n\u00e3o passa de uma folha de papel arquivada nos registros de uma Junta Comercial, possui capacidade para estar em ju\u00edzo, inclusive para ser indenizada por danos morais, parece fora de prop\u00f3sito negar essa possibilidade para que animais\u201d, argumenta o autor, deputado Eduardo Costa (PTB-PA).<\/p>\n<p>Ele destaca que a presen\u00e7a de animais n\u00e3o-humanos no polo ativo de demandas judiciais, reivindicando em ju\u00edzo os seus direitos individuais, j\u00e1 \u00e9 uma quest\u00e3o processual debatida em dezenas de pa\u00edses. No Brasil, segundo ele, esse fen\u00f4meno tem sido reconhecido pela doutrina como judicializa\u00e7\u00e3o terci\u00e1ria do Direito Animal.<\/p>\n<p>\u201cExemplos como o da orangotango Sandra e o da chimpanz\u00e9 Cec\u00edlia na Argentina, o do urso Chucho na Col\u00f4mbia, o dos chimpanz\u00e9s Hiasl e Rosi na \u00c1ustria, Tommy e Kiko nos Estados Unidos, o dos chimpanz\u00e9s brasileiros Su\u00ed\u00e7a, Lili, Megh e Jimmy, entre tantos outros casos mundo afora, demonstram que existe uma omiss\u00e3o relevante em muitos ordenamentos jur\u00eddicos que dificultam a prote\u00e7\u00e3o individual de determinados seres vivos\u201d, conclui.<\/p>\n<p>Segundo o texto, a tutela jurisdicional individual dos animais n\u00e3o exclui a tutela jurisdicional coletiva.\u00a0<em>Fonte: Ag\u00eancia C\u00e2mara de Not\u00edcias<\/em><\/p>\n","protected":false},"excerpt":{"rendered":"<p>O Projeto de Lei 145\/21 altera o C\u00f3digo de Processo Civil para permitir que animais n\u00e3o-humanos possam ser, individualmente, parte em processos judiciais, sendo representados pelo Minist\u00e9rio P\u00fablico, pela Defensoria P\u00fablica, por associa\u00e7\u00f5es de prote\u00e7\u00e3o dos animais ou por quem detenha sua tutela ou guarda. O texto tramita na C\u00e2mara dos Deputados. A legisla\u00e7\u00e3o vigente &hellip;<\/p>\n","protected":false},"author":3,"featured_media":58918,"comment_status":"open","ping_status":"open","sticky":false,"template":"","format":"standard","meta":{"footnotes":""},"categories":[4],"tags":[],"class_list":["post-58917","post","type-post","status-publish","format-standard","has-post-thumbnail","hentry","category-ultimas-noticias"],"_links":{"self":[{"href":"https:\/\/goiasemtempo.com.br\/home\/wp-json\/wp\/v2\/posts\/58917","targetHints":{"allow":["GET"]}}],"collection":[{"href":"https:\/\/goiasemtempo.com.br\/home\/wp-json\/wp\/v2\/posts"}],"about":[{"href":"https:\/\/goiasemtempo.com.br\/home\/wp-json\/wp\/v2\/types\/post"}],"author":[{"embeddable":true,"href":"https:\/\/goiasemtempo.com.br\/home\/wp-json\/wp\/v2\/users\/3"}],"replies":[{"embeddable":true,"href":"https:\/\/goiasemtempo.com.br\/home\/wp-json\/wp\/v2\/comments?post=58917"}],"version-history":[{"count":1,"href":"https:\/\/goiasemtempo.com.br\/home\/wp-json\/wp\/v2\/posts\/58917\/revisions"}],"predecessor-version":[{"id":58919,"href":"https:\/\/goiasemtempo.com.br\/home\/wp-json\/wp\/v2\/posts\/58917\/revisions\/58919"}],"wp:featuredmedia":[{"embeddable":true,"href":"https:\/\/goiasemtempo.com.br\/home\/wp-json\/wp\/v2\/media\/58918"}],"wp:attachment":[{"href":"https:\/\/goiasemtempo.com.br\/home\/wp-json\/wp\/v2\/media?parent=58917"}],"wp:term":[{"taxonomy":"category","embeddable":true,"href":"https:\/\/goiasemtempo.com.br\/home\/wp-json\/wp\/v2\/categories?post=58917"},{"taxonomy":"post_tag","embeddable":true,"href":"https:\/\/goiasemtempo.com.br\/home\/wp-json\/wp\/v2\/tags?post=58917"}],"curies":[{"name":"wp","href":"https:\/\/api.w.org\/{rel}","templated":true}]}}