{"id":58802,"date":"2021-02-04T21:55:36","date_gmt":"2021-02-04T21:55:36","guid":{"rendered":"http:\/\/goiasemtempo.com.br\/home\/?p=58802"},"modified":"2021-02-05T15:26:38","modified_gmt":"2021-02-05T15:26:38","slug":"bolsonaro-inaugura-de-centro-de-atletismo-em-cascavel-no-parana","status":"publish","type":"post","link":"https:\/\/goiasemtempo.com.br\/home\/bolsonaro-inaugura-de-centro-de-atletismo-em-cascavel-no-parana\/","title":{"rendered":"Bolsonaro inaugura Centro de Atletismo em Cascavel no Paran\u00e1"},"content":{"rendered":"<div class=\"mc-column content-text active-extra-styles \" data-block-type=\"unstyled\" data-block-weight=\"61\" data-block-id=\"2\">\n<p class=\"content-text__container \" data-track-category=\"Link no Texto\" data-track-links=\"\">O presidente\u00a0<a href=\"https:\/\/g1.globo.com\/politica\/politico\/jair-bolsonaro\/\">Jair Bolsonaro\u00a0<\/a>(sem partido) inaugurou o Centro Nacional de Atletismo, em Cascavel, no oeste do Paran\u00e1, na manh\u00e3 deste quinta-feira (4). Ele chegou ao aeroporto da cidade por volta das 9h40. Apoiadores fizeram aglomera\u00e7\u00e3o no aeroporto de Cascavel e, assim como o presidente, alguns n\u00e3o utilizavam m\u00e1scara. Na recep\u00e7\u00e3o, Bolsonaro cumprimentou o p\u00fablico e tirou fotografias com apoiadores.<\/p>\n<\/div>\n<div class=\"wall protected-content\">\n<div class=\"mc-column content-text active-extra-styles \" data-block-type=\"unstyled\" data-block-weight=\"50\" data-block-id=\"3\">\n<p class=\"content-text__container \" data-track-category=\"Link no Texto\" data-track-links=\"\">Autoridades acompanharam a visita do presidente e participaram da solenidade de inaugura\u00e7\u00e3o, que come\u00e7ou por volta de 10h30. Entre eles estavam o Ministro da Cidadania, Onyx Lorenzoni, o Secret\u00e1rio Especial de Esporte, Marcelo Magalh\u00e3es, o governador do Paran\u00e1, Ratinho Junior (PSD), e o prefeito de Cascavel, Leonaldo Paranhos (PSC).<\/p>\n<p data-track-category=\"Link no Texto\" data-track-links=\"\">Ap\u00f3s a inaugura\u00e7\u00e3o, o presidente mencionou a trajet\u00f3ria como atleta e correu pela pista de atletismo rec\u00e9m-inaugurada.<\/p>\n<div class=\"mc-column content-text active-extra-styles \" data-block-type=\"unstyled\" data-block-weight=\"41\" data-block-id=\"11\">\n<p class=\"content-text__container \" data-track-category=\"Link no Texto\" data-track-links=\"\">Esperado desde 2012, a ideia inicial do projeto era de que o local servisse de base para a prepara\u00e7\u00e3o de atletas para as Olimp\u00edadas de 2016, no Rio de Janeiro. Entretanto, a entrega atrasou e o objetivo principal n\u00e3o foi alcan\u00e7ado.<\/p>\n<\/div>\n<div class=\"mc-column content-text active-extra-styles \" data-block-type=\"unstyled\" data-block-weight=\"40\" data-block-id=\"12\">\n<p class=\"content-text__container \" data-track-category=\"Link no Texto\" data-track-links=\"\">Com a inaugura\u00e7\u00e3o, a expectativa \u00e9 de que um projeto para a forma\u00e7\u00e3o de novos atletas comece em mar\u00e7o. A iniciativa ser\u00e1 realizada em contraturno escolar e atender\u00e1 140 alunos de escolas p\u00fablicas, com idades entre sete e 12 anos.<\/p>\n<p data-track-category=\"Link no Texto\" data-track-links=\"\">&#8220;Cascavel e regi\u00e3o ter\u00e3o uma refer\u00eancia no atletismo, n\u00f3s vamos poder levar nossos atletas a um n\u00edvel tanto nacional, como internacional&#8221;, disse o chefe regional de esportes do governo do Paran\u00e1, Jeferson L\u00e1zaro Alves.<\/p>\n<\/div>\n<div class=\"mc-column content-text active-extra-styles\" data-block-type=\"raw\" data-block-weight=\"34\" data-block-id=\"14\">\n<p>&nbsp;<\/p>\n<\/div>\n<div class=\"mc-column content-text active-extra-styles \" data-block-type=\"unstyled\" data-block-weight=\"22\" data-block-id=\"15\">\n<p class=\"content-text__container \" data-track-category=\"Link no Texto\" data-track-links=\"\">Necess\u00e1rios para que o projeto comece, os m\u00f3veis que v\u00e3o equipar as salas devem chegar nas pr\u00f3ximas semanas, segundo o governo estadual.<\/p>\n<\/div>\n<div class=\"mc-column content-text active-extra-styles \" data-block-type=\"unstyled\" data-block-weight=\"21\" data-block-id=\"16\">\n<p class=\"content-text__container \" data-track-category=\"Link no Texto\" data-track-links=\"\">Conforme o presidente da Federa\u00e7\u00e3o Paranaense de Atletismo, Ubiratan Martins J\u00fanior, as equipes da modalidade da cidade dever\u00e3o treinar no centro.<\/p>\n<p data-track-category=\"Link no Texto\" data-track-links=\"\">&#8220;Eu acredito que entre cinco e seis eventos n\u00f3s, como federa\u00e7\u00e3o, vamos conseguir realizar em Cascavel. A\u00ed, obviamente, os campeonatos municipais, os jogos do estado.&#8221;<\/p>\n<\/div>\n<div class=\"mc-column content-text active-extra-styles\" data-block-type=\"raw\" data-block-weight=\"25\" data-block-id=\"17\">\n<p>&nbsp;<\/p>\n<\/div>\n<div class=\"mc-column content-text active-extra-styles \" data-block-type=\"unstyled\" data-block-weight=\"21\" data-block-id=\"18\">\n<p class=\"content-text__container \" data-track-category=\"Link no Texto\" data-track-links=\"\">Os custos de manuten\u00e7\u00e3o do espa\u00e7o ser\u00e3o bancados pelo governo do Paran\u00e1 e sua gest\u00e3o, compartilhada com a Prefeitura de Cascavel.<\/p>\n<\/div>\n<div class=\"mc-column content-text active-extra-styles\" data-block-type=\"raw\" data-block-weight=\"1\" data-block-id=\"19\">\n<div class=\"content-intertitle\">\n<h2>Estrutura<\/h2>\n<\/div>\n<p>&nbsp;<\/p>\n<\/div>\n<div class=\"row medium-uncollapsed content-media content-photo\" data-block-type=\"backstage-photo\" data-block-id=\"20\">\n<div class=\"mc-column content-media__container\">\n<figure><img decoding=\"async\" class=\"i-amphtml-fill-content i-amphtml-replaced-content\" src=\"https:\/\/s2.glbimg.com\/HnhNFOhqwUOHUAaia3PPqGdvsSs=\/0x0:1363x629\/984x0\/smart\/filters:strip_icc()\/i.s3.glbimg.com\/v1\/AUTH_59edd422c0c84a879bd37670ae4f538a\/internal_photos\/bs\/2021\/m\/B\/aY7tUZRlKxVIApi2TxZA\/centro-atletismo.jpg\" sizes=\"(max-width: 1920px) 648px, 100vw\" srcset=\"https:\/\/s2.glbimg.com\/1qRsGa59fazIBi7H2e6GAH2UYPI=\/0x0:1363x629\/1000x0\/smart\/filters:strip_icc()\/i.s3.glbimg.com\/v1\/AUTH_59edd422c0c84a879bd37670ae4f538a\/internal_photos\/bs\/2021\/m\/B\/aY7tUZRlKxVIApi2TxZA\/centro-atletismo.jpg 1000w, https:\/\/s2.glbimg.com\/HnhNFOhqwUOHUAaia3PPqGdvsSs=\/0x0:1363x629\/984x0\/smart\/filters:strip_icc()\/i.s3.glbimg.com\/v1\/AUTH_59edd422c0c84a879bd37670ae4f538a\/internal_photos\/bs\/2021\/m\/B\/aY7tUZRlKxVIApi2TxZA\/centro-atletismo.jpg 984w, https:\/\/s2.glbimg.com\/nc5xzOUbQxoF7PbJRqtMwE8B_2w=\/0x0:1363x629\/640x0\/smart\/filters:strip_icc()\/i.s3.glbimg.com\/v1\/AUTH_59edd422c0c84a879bd37670ae4f538a\/internal_photos\/bs\/2021\/m\/B\/aY7tUZRlKxVIApi2TxZA\/centro-atletismo.jpg 640w, https:\/\/s2.glbimg.com\/C6coq-Y3z_rl-Mw8AqhALlKZlCs=\/0x0:1363x629\/600x0\/smart\/filters:strip_icc()\/i.s3.glbimg.com\/v1\/AUTH_59edd422c0c84a879bd37670ae4f538a\/internal_photos\/bs\/2021\/m\/B\/aY7tUZRlKxVIApi2TxZA\/centro-atletismo.jpg 600w\" alt=\"Centro Nacional de Atletismo inaugurado nesta quinta-feira (4), em Cascavel \u2014 Foto: RPC\/Reprodu\u00e7\u00e3o\" \/><\/figure>\n<p class=\"content-media__description \">Centro Nacional de Atletismo inaugurado nesta quinta-feira (4), em Cascavel \u2014 Foto: RPC\/Reprodu\u00e7\u00e3o<\/p>\n<\/div>\n<\/div>\n<div class=\"mc-column content-text active-extra-styles \" data-block-type=\"unstyled\" data-block-weight=\"18\" data-block-id=\"21\">\n<p class=\"content-text__container \" data-track-category=\"Link no Texto\" data-track-links=\"\">A \u00e1rea constru\u00edda tem quase oito mil metros quadrados e segue os padr\u00f5es da Federa\u00e7\u00e3o Internacional de Atletismo.<\/p>\n<\/div>\n<div class=\"mc-column content-text active-extra-styles \" data-block-type=\"unstyled\" data-block-weight=\"25\" data-block-id=\"22\">\n<p class=\"content-text__container \" data-track-category=\"Link no Texto\" data-track-links=\"\">Uma das exig\u00eancias atendidas, por exemplo, \u00e9 o galp\u00e3o com pista de aquecimento e treinamento. O local \u00e9 coberto com cinco raias de 100 metros.<\/p>\n<\/div>\n<div class=\"mc-column content-text active-extra-styles \" data-block-type=\"unstyled\" data-block-weight=\"31\" data-block-id=\"23\">\n<p class=\"content-text__container \" data-track-category=\"Link no Texto\" data-track-links=\"\">A arquibancada comporta at\u00e9 900 pessoas, com espa\u00e7o para pessoas com defici\u00eancia. H\u00e1 \u00e1rea de bilheteria, lanchonete, vesti\u00e1rio e sanit\u00e1rios, al\u00e9m de uma sala de cronometragem para o j\u00fari das provas<\/p>\n<\/div>\n<div class=\"mc-column content-text active-extra-styles \" data-block-type=\"unstyled\" data-block-weight=\"30\" data-block-id=\"24\">\n<p class=\"content-text__container \" data-track-category=\"Link no Texto\" data-track-links=\"\">O local tamb\u00e9m conta com uma cl\u00ednica de alto padr\u00e3o, que deve abrigar especialistas de v\u00e1rias \u00e1reas, como fisioterapeutas e biom\u00e9dicos. O centro ter\u00e1 ainda um alojamento, com 38 quartos.<\/p>\n<\/div>\n<\/div>\n<\/div>\n","protected":false},"excerpt":{"rendered":"<p>O presidente\u00a0Jair Bolsonaro\u00a0(sem partido) inaugurou o Centro Nacional de Atletismo, em Cascavel, no oeste do Paran\u00e1, na manh\u00e3 deste quinta-feira (4). Ele chegou ao aeroporto da cidade por volta das 9h40. Apoiadores fizeram aglomera\u00e7\u00e3o no aeroporto de Cascavel e, assim como o presidente, alguns n\u00e3o utilizavam m\u00e1scara. Na recep\u00e7\u00e3o, Bolsonaro cumprimentou o p\u00fablico e tirou &hellip;<\/p>\n","protected":false},"author":3,"featured_media":58803,"comment_status":"open","ping_status":"open","sticky":false,"template":"","format":"standard","meta":{"_exactmetrics_skip_tracking":false,"_exactmetrics_sitenote_active":false,"_exactmetrics_sitenote_note":"","_exactmetrics_sitenote_category":0,"footnotes":""},"categories":[163],"tags":[],"_links":{"self":[{"href":"https:\/\/goiasemtempo.com.br\/home\/wp-json\/wp\/v2\/posts\/58802"}],"collection":[{"href":"https:\/\/goiasemtempo.com.br\/home\/wp-json\/wp\/v2\/posts"}],"about":[{"href":"https:\/\/goiasemtempo.com.br\/home\/wp-json\/wp\/v2\/types\/post"}],"author":[{"embeddable":true,"href":"https:\/\/goiasemtempo.com.br\/home\/wp-json\/wp\/v2\/users\/3"}],"replies":[{"embeddable":true,"href":"https:\/\/goiasemtempo.com.br\/home\/wp-json\/wp\/v2\/comments?post=58802"}],"version-history":[{"count":2,"href":"https:\/\/goiasemtempo.com.br\/home\/wp-json\/wp\/v2\/posts\/58802\/revisions"}],"predecessor-version":[{"id":58805,"href":"https:\/\/goiasemtempo.com.br\/home\/wp-json\/wp\/v2\/posts\/58802\/revisions\/58805"}],"wp:featuredmedia":[{"embeddable":true,"href":"https:\/\/goiasemtempo.com.br\/home\/wp-json\/wp\/v2\/media\/58803"}],"wp:attachment":[{"href":"https:\/\/goiasemtempo.com.br\/home\/wp-json\/wp\/v2\/media?parent=58802"}],"wp:term":[{"taxonomy":"category","embeddable":true,"href":"https:\/\/goiasemtempo.com.br\/home\/wp-json\/wp\/v2\/categories?post=58802"},{"taxonomy":"post_tag","embeddable":true,"href":"https:\/\/goiasemtempo.com.br\/home\/wp-json\/wp\/v2\/tags?post=58802"}],"curies":[{"name":"wp","href":"https:\/\/api.w.org\/{rel}","templated":true}]}}