{"id":58652,"date":"2021-01-30T15:21:59","date_gmt":"2021-01-30T15:21:59","guid":{"rendered":"http:\/\/goiasemtempo.com.br\/home\/?p=58652"},"modified":"2021-02-05T15:34:19","modified_gmt":"2021-02-05T15:34:19","slug":"pirenopolis-decreta-lei-seca-no-municipio-a-partir-da-meia-noite","status":"publish","type":"post","link":"https:\/\/goiasemtempo.com.br\/home\/pirenopolis-decreta-lei-seca-no-municipio-a-partir-da-meia-noite\/","title":{"rendered":"Piren\u00f3polis decreta lei seca no munic\u00edpio a partir da meia noite"},"content":{"rendered":"<p><strong>A prefeitura de Piren\u00f3polis publicou um decreto nesta sexta-feira (29) estabelecendo a lei seca no munic\u00edpio entre a meia noite e as 6 horas.<\/strong>\u00a0A norma j\u00e1 est\u00e1 em vigor e vale para todos os espa\u00e7os p\u00fablicos e coletivos. A publica\u00e7\u00e3o foi feita um dia depois da cidade decidir por manter o estado de calamidade p\u00fablica pelo prazo de 180 dias.<\/p>\n<p>Al\u00e9m do decreto, a prefeitura publicou tamb\u00e9m um guia de peven\u00e7\u00e3o para o munic\u00edpio, contendo todas as normas e cuidados que moradores e turistas devem seguir. O documento traz tamb\u00e9m as restri\u00e7\u00f5es de funcionamento das atividades comerciais na cidade.<\/p>\n<p>O decreto foi publicado depois da confirma\u00e7\u00e3o,por parte da Secretaria de Sa\u00fade do Municipal,de que n\u00e3o haver\u00e1 carnaval na cidade em 2021<a href=\"https:\/\/www.emaisgoias.com.br\/pirenopolis-cancela-carnaval-aruana-e-goias-estudam-o-que-fazer\/\"><strong>.<\/strong><\/a>\u00a0A prefeitura deve publicar um decreto sobre o assunto na segunda-feira (1\u00ba).<\/p>\n<div class=\"mgs-banner mgs-banner-rectangle\">\n<div class=\"mgs-ads\">\n<div class=\"pub-ret\">\n<div id=\"mgs-ads-retangulo-2\" data-google-query-id=\"CIvctNaFxO4CFaAGuQYdyb8JVQ\">\n<div id=\"google_ads_iframe_\/176290677\/retangulo-2_0__container__\">A pasta ressaltou tamb\u00e9m que haver\u00e1 refor\u00e7o na fiscaliza\u00e7\u00e3o para evitar aglomera\u00e7\u00f5es nas ruas no per\u00edodo. Al\u00e9m disso, a prefeitura ir\u00e1 divulgar um guia informativo para orientar as pessoas a respeito das restri\u00e7\u00f5es impostas pela pandemia.<\/div>\n<\/div>\n<\/div>\n<\/div>\n<\/div>\n","protected":false},"excerpt":{"rendered":"<p>A prefeitura de Piren\u00f3polis publicou um decreto nesta sexta-feira (29) estabelecendo a lei seca no munic\u00edpio entre a meia noite e as 6 horas.\u00a0A norma j\u00e1 est\u00e1 em vigor e vale para todos os espa\u00e7os p\u00fablicos e coletivos. A publica\u00e7\u00e3o foi feita um dia depois da cidade decidir por manter o estado de calamidade p\u00fablica &hellip;<\/p>\n","protected":false},"author":3,"featured_media":58653,"comment_status":"open","ping_status":"open","sticky":false,"template":"","format":"standard","meta":{"_exactmetrics_skip_tracking":false,"_exactmetrics_sitenote_active":false,"_exactmetrics_sitenote_note":"","_exactmetrics_sitenote_category":0,"footnotes":""},"categories":[7,15,19],"tags":[],"_links":{"self":[{"href":"https:\/\/goiasemtempo.com.br\/home\/wp-json\/wp\/v2\/posts\/58652"}],"collection":[{"href":"https:\/\/goiasemtempo.com.br\/home\/wp-json\/wp\/v2\/posts"}],"about":[{"href":"https:\/\/goiasemtempo.com.br\/home\/wp-json\/wp\/v2\/types\/post"}],"author":[{"embeddable":true,"href":"https:\/\/goiasemtempo.com.br\/home\/wp-json\/wp\/v2\/users\/3"}],"replies":[{"embeddable":true,"href":"https:\/\/goiasemtempo.com.br\/home\/wp-json\/wp\/v2\/comments?post=58652"}],"version-history":[{"count":1,"href":"https:\/\/goiasemtempo.com.br\/home\/wp-json\/wp\/v2\/posts\/58652\/revisions"}],"predecessor-version":[{"id":58654,"href":"https:\/\/goiasemtempo.com.br\/home\/wp-json\/wp\/v2\/posts\/58652\/revisions\/58654"}],"wp:featuredmedia":[{"embeddable":true,"href":"https:\/\/goiasemtempo.com.br\/home\/wp-json\/wp\/v2\/media\/58653"}],"wp:attachment":[{"href":"https:\/\/goiasemtempo.com.br\/home\/wp-json\/wp\/v2\/media?parent=58652"}],"wp:term":[{"taxonomy":"category","embeddable":true,"href":"https:\/\/goiasemtempo.com.br\/home\/wp-json\/wp\/v2\/categories?post=58652"},{"taxonomy":"post_tag","embeddable":true,"href":"https:\/\/goiasemtempo.com.br\/home\/wp-json\/wp\/v2\/tags?post=58652"}],"curies":[{"name":"wp","href":"https:\/\/api.w.org\/{rel}","templated":true}]}}