{"id":58647,"date":"2021-01-30T15:05:44","date_gmt":"2021-01-30T15:05:44","guid":{"rendered":"http:\/\/goiasemtempo.com.br\/home\/?p=58647"},"modified":"2021-02-05T15:34:20","modified_gmt":"2021-02-05T15:34:20","slug":"cidade-de-goias-nao-dara-ponto-facultativo-nos-dias-de-carnaval","status":"publish","type":"post","link":"https:\/\/goiasemtempo.com.br\/home\/cidade-de-goias-nao-dara-ponto-facultativo-nos-dias-de-carnaval\/","title":{"rendered":"Cidade de Goi\u00e1s n\u00e3o dar\u00e1 ponto facultativo nos dias de carnaval"},"content":{"rendered":"<p><strong>A Cidade de Goi\u00e1s decidiu acompanhar o governo do estado e publicou nota \u00e0 imprensa afirmando que n\u00e3o decretar\u00e1 ponto facultativo na segunda e ter\u00e7a-feira de carnaval de 2021.<\/strong>\u00a0A nota ressalta ainda um decreto publicado na \u00faltima quarta-feira (27), que estabeleceu novas medidas de restri\u00e7\u00e3o e implantou a lei seca no munic\u00edpio a partir das 22 horas.<\/p>\n<p>Al\u00e9m da suspens\u00e3o da venda e consumo de bebidas alco\u00f3licas, o decreto determina o fechamento de todos os estabelecimentos n\u00e3o essenciais \u00e0s 22h30, a realiza\u00e7\u00e3o de opera\u00e7\u00f5es fiscalizat\u00f3rias da Vigil\u00e2ncia Sanit\u00e1ria Municipal com o aux\u00edlio de for\u00e7a policial e a instala\u00e7\u00e3o de Barreiras Sanit\u00e1rias e policiais em parceira com o Detran.<\/p>\n<h2><strong>Sem feriado no carnaval<\/strong><\/h2>\n<p>A decis\u00e3o de n\u00e3o decretar ponto facultativo no carnaval foi divulgada pelo governador do estado, Ronaldo Caiado (DEM), durante uma live nesta sexta-feira,29.<\/p>\n<div class=\"mgs-banner mgs-banner-rectangle\">\n<div class=\"mgs-ads\">\n<div class=\"pub-ret\">\n<div id=\"mgs-ads-retangulo-2\" data-google-query-id=\"CImg8_eCxO4CFWIFuQYd3ugEMA\">\n<div id=\"google_ads_iframe_\/176290677\/retangulo-2_0__container__\">\u201cVoc\u00eas sabem que o carnaval n\u00e3o \u00e9 um feriado nacional. \u00c9 um ponto facultativo. E como tal, eu quero avisar a todos as pessoas que n\u00f3s n\u00e3o teremos, por parte do estado de Goi\u00e1s, ponto facultativo nem na ter\u00e7a-feira nem na segunda-feira\u201d.<\/div>\n<\/div>\n<\/div>\n<\/div>\n<\/div>\n<p>&nbsp;<\/p>\n<p>Caiado tamb\u00e9m desaconselhou todas as pessoas que est\u00e3o programando viagens e afirmou que o estado enfrenta o crescimento de casos de Covid-19. \u201cEstamos num crescimento da contamina\u00e7\u00e3o das pessoas pelo v\u00edrus e qualquer feriado alongado provoca, indiscutivelmente, um aumento da contamina\u00e7\u00e3o e uma sobrecarga nos hospitais\u201d, disse.<\/p>\n<p>Com Ag\u00eancia de Not\u00edcias\/<\/p>\n<div class=\"mgs-banner mgs-banner-rectangle\">\n<div class=\"mgs-ads\">\n<div class=\"pub-ret\">\n<div id=\"mgs-ads-retangulo-3\" data-google-query-id=\"CPK98_eCxO4CFUczuQYd-LAOVA\"><\/div>\n<\/div>\n<\/div>\n<\/div>\n","protected":false},"excerpt":{"rendered":"<p>A Cidade de Goi\u00e1s decidiu acompanhar o governo do estado e publicou nota \u00e0 imprensa afirmando que n\u00e3o decretar\u00e1 ponto facultativo na segunda e ter\u00e7a-feira de carnaval de 2021.\u00a0A nota ressalta ainda um decreto publicado na \u00faltima quarta-feira (27), que estabeleceu novas medidas de restri\u00e7\u00e3o e implantou a lei seca no munic\u00edpio a partir das &hellip;<\/p>\n","protected":false},"author":3,"featured_media":58648,"comment_status":"open","ping_status":"open","sticky":false,"template":"","format":"standard","meta":{"_exactmetrics_skip_tracking":false,"_exactmetrics_sitenote_active":false,"_exactmetrics_sitenote_note":"","_exactmetrics_sitenote_category":0,"footnotes":""},"categories":[15],"tags":[],"_links":{"self":[{"href":"https:\/\/goiasemtempo.com.br\/home\/wp-json\/wp\/v2\/posts\/58647"}],"collection":[{"href":"https:\/\/goiasemtempo.com.br\/home\/wp-json\/wp\/v2\/posts"}],"about":[{"href":"https:\/\/goiasemtempo.com.br\/home\/wp-json\/wp\/v2\/types\/post"}],"author":[{"embeddable":true,"href":"https:\/\/goiasemtempo.com.br\/home\/wp-json\/wp\/v2\/users\/3"}],"replies":[{"embeddable":true,"href":"https:\/\/goiasemtempo.com.br\/home\/wp-json\/wp\/v2\/comments?post=58647"}],"version-history":[{"count":1,"href":"https:\/\/goiasemtempo.com.br\/home\/wp-json\/wp\/v2\/posts\/58647\/revisions"}],"predecessor-version":[{"id":58649,"href":"https:\/\/goiasemtempo.com.br\/home\/wp-json\/wp\/v2\/posts\/58647\/revisions\/58649"}],"wp:featuredmedia":[{"embeddable":true,"href":"https:\/\/goiasemtempo.com.br\/home\/wp-json\/wp\/v2\/media\/58648"}],"wp:attachment":[{"href":"https:\/\/goiasemtempo.com.br\/home\/wp-json\/wp\/v2\/media?parent=58647"}],"wp:term":[{"taxonomy":"category","embeddable":true,"href":"https:\/\/goiasemtempo.com.br\/home\/wp-json\/wp\/v2\/categories?post=58647"},{"taxonomy":"post_tag","embeddable":true,"href":"https:\/\/goiasemtempo.com.br\/home\/wp-json\/wp\/v2\/tags?post=58647"}],"curies":[{"name":"wp","href":"https:\/\/api.w.org\/{rel}","templated":true}]}}