{"id":5854,"date":"2017-12-25T04:11:00","date_gmt":"2017-12-25T04:11:00","guid":{"rendered":"http:\/\/goiasemtempo.com.br\/home\/?p=5854"},"modified":"2017-12-25T04:11:00","modified_gmt":"2017-12-25T04:11:00","slug":"airbus-investigada-por-corrupcao-vai-mudar-diretoria","status":"publish","type":"post","link":"https:\/\/goiasemtempo.com.br\/home\/airbus-investigada-por-corrupcao-vai-mudar-diretoria\/","title":{"rendered":"Airbus, investigada por corrup\u00e7\u00e3o, vai mudar diretoria"},"content":{"rendered":"<p>A Airbus anunciou, nesta sexta-feira, um projeto de reestruturar sua dire\u00e7\u00e3o, mudando dois de seus maiores l\u00edderes, enquanto as investiga\u00e7\u00f5es por supostos casos de corrup\u00e7\u00e3o continuam a fragilizar a gigante europeia da aeron\u00e1utica.<\/p>\n<p>O grupo afirmou que seu diretor-executivo, o alem\u00e3o Tomas Enders, n\u00e3o vai renovar seu mandato, que termina em 2019. O n\u00famero dois da Airbus, o franc\u00eas Fabrice Br\u00e9gier, tamb\u00e9m ser\u00e1 substitu\u00eddo, em fevereiro, pelo diretor da Airbus Helicopters, Guillaume Faury.<\/p>\n<p>O conselho de administra\u00e7\u00e3o decidiu restruturar a dire\u00e7\u00e3o da empresa para garantir uma sucess\u00e3o organizada no alto escal\u00e3o da Airbus, anunciou nesta sexta-feira em um comunicado.<\/p>\n<p>A Airbus \u00e9 alvo de investiga\u00e7\u00f5es por autoridades financeiras na Fran\u00e7a e no Reino Unido por irregularidades em transa\u00e7\u00f5es.<\/p>\n<p>As investiga\u00e7\u00f5es foram iniciadas no ano passado depois que a pr\u00f3pria Airbus expressou suspeitas de irregularidades.<\/p>\n<p>O grupo \u00e9 alvo de outras investiga\u00e7\u00f5es na \u00c1ustria e na Alemanha pela venda de avi\u00f5es de combate Eurofighter ao governo austr\u00edaco. Enders est\u00e1 entre as pessoas investigadas no pa\u00eds, apesar de que, segundo autoridades alem\u00e3s, h\u00e1 provas escassas de corrup\u00e7\u00e3o.<\/p>\n<p>A responsabilidade do conselho de administra\u00e7\u00e3o \u00e9 preparar uma sucess\u00e3o ordenada (&#8230;) para garantir a estabilidade a longo prazo e o sucesso futuro da Airbus, comentou o diretor do grupo europeus, Denis Ranque.<\/p>\n<p>Tom Enders tem todo nosso apoio para levar a cabo essa mudan\u00e7a de gera\u00e7\u00e3o, acrescentou.<\/p>\n<p>&#8211; Mudan\u00e7as na c\u00fapula &#8211;<\/p>\n<p>Na reuni\u00e3o do conselho de administra\u00e7\u00e3o realizada na noite de quinta-feira, Enders, de 59 anos, tinha informado que n\u00e3o desejava um segundo mandato de diretor-executivo e deixar\u00e1 suas fun\u00e7\u00f5es em abril de 2019.<\/p>\n<p>Nos pr\u00f3ximos 16 meses, colaborarei com o conselho de administra\u00e7\u00e3o para garantir uma transi\u00e7\u00e3o fluida com o pr\u00f3ximo diretor-executivo e uma nova gera\u00e7\u00e3o de dirigentes. Me concentrarei em nossos desafios comerciais e continuarei fazendo avan\u00e7ar e refor\u00e7ar nossos programas de \u00e9tica, acrescentou.<\/p>\n<p>J\u00e1 Br\u00e9gier, de 56 anos, vai deixar suas fun\u00e7\u00f5es \u00e0 frente da Airbus Commercial Aircraft, o bra\u00e7o de avia\u00e7\u00e3o comercial, em fevereiro de 2018, quando Faury assumir\u00e1 o cargo.<\/p>\n<p>O sucessor de Faury na Airbus Helicopters ser\u00e1 decidido nas pr\u00f3ximas semanas, indicou o grupo.<\/p>\n<p>Pela tradi\u00e7\u00e3o da empresa, Br\u00e9gier &#8211; que estava h\u00e1 25 anos na Airbus &#8211; poderia aspirar \u00e0 sucess\u00e3o de Enders.<\/p>\n<p>A situa\u00e7\u00e3o da Airbus \u00e9 acompanhada de perto por Fran\u00e7a e Alemanha, ambos acionistas (22% cada) do grupo. A Airbus \u00e9 uma gigante que emprega 134 mil pessoas e contribui muito para o volume de com\u00e9rcio exterior dos dois pa\u00edses.<\/p>\n","protected":false},"excerpt":{"rendered":"<p>A Airbus anunciou, nesta sexta-feira, um projeto de reestruturar sua dire\u00e7\u00e3o, mudando dois de seus maiores l\u00edderes, enquanto as investiga\u00e7\u00f5es por supostos casos de corrup\u00e7\u00e3o continuam a fragilizar a gigante europeia da aeron\u00e1utica. O grupo afirmou que seu diretor-executivo, o alem\u00e3o Tomas Enders, n\u00e3o vai renovar seu mandato, que termina em 2019. O n\u00famero dois &hellip;<\/p>\n","protected":false},"author":2,"featured_media":1774,"comment_status":"open","ping_status":"open","sticky":false,"template":"","format":"standard","meta":{"_exactmetrics_skip_tracking":false,"_exactmetrics_sitenote_active":false,"_exactmetrics_sitenote_note":"","_exactmetrics_sitenote_category":0,"footnotes":""},"categories":[4],"tags":[],"_links":{"self":[{"href":"https:\/\/goiasemtempo.com.br\/home\/wp-json\/wp\/v2\/posts\/5854"}],"collection":[{"href":"https:\/\/goiasemtempo.com.br\/home\/wp-json\/wp\/v2\/posts"}],"about":[{"href":"https:\/\/goiasemtempo.com.br\/home\/wp-json\/wp\/v2\/types\/post"}],"author":[{"embeddable":true,"href":"https:\/\/goiasemtempo.com.br\/home\/wp-json\/wp\/v2\/users\/2"}],"replies":[{"embeddable":true,"href":"https:\/\/goiasemtempo.com.br\/home\/wp-json\/wp\/v2\/comments?post=5854"}],"version-history":[{"count":1,"href":"https:\/\/goiasemtempo.com.br\/home\/wp-json\/wp\/v2\/posts\/5854\/revisions"}],"predecessor-version":[{"id":5855,"href":"https:\/\/goiasemtempo.com.br\/home\/wp-json\/wp\/v2\/posts\/5854\/revisions\/5855"}],"wp:featuredmedia":[{"embeddable":true,"href":"https:\/\/goiasemtempo.com.br\/home\/wp-json\/wp\/v2\/media\/1774"}],"wp:attachment":[{"href":"https:\/\/goiasemtempo.com.br\/home\/wp-json\/wp\/v2\/media?parent=5854"}],"wp:term":[{"taxonomy":"category","embeddable":true,"href":"https:\/\/goiasemtempo.com.br\/home\/wp-json\/wp\/v2\/categories?post=5854"},{"taxonomy":"post_tag","embeddable":true,"href":"https:\/\/goiasemtempo.com.br\/home\/wp-json\/wp\/v2\/tags?post=5854"}],"curies":[{"name":"wp","href":"https:\/\/api.w.org\/{rel}","templated":true}]}}