{"id":58518,"date":"2021-01-24T14:19:31","date_gmt":"2021-01-24T14:19:31","guid":{"rendered":"http:\/\/goiasemtempo.com.br\/home\/?p=58518"},"modified":"2021-02-05T15:38:39","modified_gmt":"2021-02-05T15:38:39","slug":"alemanha-vai-usar-novo-remedio-contra-covid-19","status":"publish","type":"post","link":"https:\/\/goiasemtempo.com.br\/home\/alemanha-vai-usar-novo-remedio-contra-covid-19\/","title":{"rendered":"Alemanha vai usar novo rem\u00e9dio contra covid-19"},"content":{"rendered":"<div id=\"maincontent\">\n<div id=\"content\" class=\"content\"><main id=\"main\" role=\"main\" data-region=\"main\" data-id=\"105\" data-m=\"{&quot;i&quot;:105,&quot;n&quot;:&quot;main&quot;,&quot;y&quot;:6}\"><\/p>\n<article class=\"articlecontent allowvig loaded\" data-id=\"108\" data-m=\"{&quot;i&quot;:108,&quot;p&quot;:105,&quot;n&quot;:&quot;article&quot;,&quot;y&quot;:6,&quot;o&quot;:3}\" data-nativead-placements=\"article_aside:3;singlecard1:1;singlecard2:1;singlecard3:1;singlecard4:1;singlecard5:1;singlecard6:1;singlecard7:1;singlecard8:1;singlecard9:1;singlecard10:1;singlecard11:1;\">\n<section class=\"flexarticle\" data-id=\"109\" data-m=\"{&quot;i&quot;:109,&quot;p&quot;:108,&quot;n&quot;:&quot;flexarticle&quot;,&quot;y&quot;:6,&quot;o&quot;:1}\">\n<section class=\"articlebody   \" data-id=\"110\" data-m=\"{&quot;i&quot;:110,&quot;p&quot;:109,&quot;n&quot;:&quot;articlebody&quot;,&quot;y&quot;:6,&quot;o&quot;:1}\">O ministro da Sa\u00fade alem\u00e3o, Jans Spahn anunciou que o governo da Alemanha comprou uma nova droga contra o coronav\u00edrus \u00e0 base de anticorpos. &#8220;A partir da pr\u00f3xima semana a Alemanha ser\u00e1 o primeiro pa\u00eds da UE onde ser\u00e3o usados anticorpos monoclonais. Inicialmente isso ocorrer\u00e1 em cl\u00ednicas universit\u00e1rias&#8221;, disse Spahn, em entrevista publicada neste domingo (24\/01) no jornal\u00a0<i>Bild am Sonntag<\/i>.<\/p>\n<p>&#8220;O governo alem\u00e3o comprou 200 mil doses por 400 milh\u00f5es de euros&#8221;, acrescentou. Isso corresponde a um pre\u00e7o de 2 mil euros (cerca de R$ 13 mil) por dose.<\/p>\n<p>O tratamento com anticorpos visa beneficiar pacientes adultos com sintomas leves ou moderados e com risco de agravamento da doen\u00e7a. &#8220;Eles funcionam como uma vacina\u00e7\u00e3o passiva. A administra\u00e7\u00e3o desses anticorpos pode ajudar os pacientes de alto risco na fase inicial a prevenir um agravamento da doen\u00e7a&#8221;, disse Spahn.<\/p>\n<p>De acordo com o Minist\u00e9rio da Sa\u00fade da Alemanha, a administra\u00e7\u00e3o da terapia \u00e9 baseada em uma avalia\u00e7\u00e3o individual de risco e benef\u00edcio realizada pelo m\u00e9dico.<\/p>\n<p>Os anticorpos monoclonais s\u00e3o produzidos em laborat\u00f3rio, com fun\u00e7\u00e3o de desativar o v\u00edrus ap\u00f3s a infec\u00e7\u00e3o. &#8220;Monoclonal&#8221; significa que os anticorpos usados \u200b\u200bs\u00e3o todos iguais e atacam o v\u00edrus num alvo claramente definido. &#8220;De acordo com os estudos dispon\u00edveis, o medicamento pode ajudar a limitar a quantidade de v\u00edrus no corpo e, assim, ter uma influ\u00eancia positiva no curso da doen\u00e7a&#8221;, disse uma porta-voz do minist\u00e9rio.<\/p>\n<h3>Uso poss\u00edvel sem aprova\u00e7\u00e3o<\/h3>\n<p>De acordo com a informa\u00e7\u00e3o do minist\u00e9rio, o \u00f3rg\u00e3o garantiu contingentes de dois medicamentos. Um \u00e9 o bamlanivimab, desenvolvido pela farmac\u00eautica americana Eli Lilly; o outro s\u00e3o os dois anticorpos casirivimab e imdevimab da empresa americana Regeneron, que devem ser administrados ao mesmo tempo.<\/p>\n<p>Nos EUA, a ag\u00eancia reguladora de medicamentos e alimentos FDA concedeu uma aprova\u00e7\u00e3o emergencial para esses medicamentos. Eles ainda n\u00e3o foram aprovados na Uni\u00e3o Europeia.<\/p>\n<p>O minist\u00e9rio da Sa\u00fade alem\u00e3o afirma que, segundo a avalia\u00e7\u00e3o do Instituto Paul Ehrlich (PEI), \u00f3rg\u00e3o federal alem\u00e3o encarregado de vacinas e medicamentos biom\u00e9dicos, \u00e9 poss\u00edvel, a princ\u00edpio, uma utiliza\u00e7\u00e3o na Alemanha de acordo com uma avalia\u00e7\u00e3o individual entre benef\u00edcio e risco, caso n\u00e3o haja outras op\u00e7\u00f5es terap\u00eauticas aprovadas. Os medicamentos ser\u00e3o gradativamente colocados \u00e0 disposi\u00e7\u00e3o dos hospitais especializados gratuitamente nas pr\u00f3ximas semanas.<\/p>\n<h3>Trump<\/h3>\n<p>O ex-presidente dos Estados Unidos Donald Trump tamb\u00e9m recebeu esse tipo de terapia quando contraiu o coronav\u00edrus. Trump foi tratado no in\u00edcio de outubro com o coquetel de anticorpos REGN-COV2, da Regeneron.<\/p>\n<p>O ingrediente ativo do REGN-COV2 \u00e9 uma combina\u00e7\u00e3o de dois anticorpos especialmente desenvolvidos que se ligam \u00e0 chamada prote\u00edna spike do coronav\u00edrus e podem, assim, deformar sua estrutura, impedindo que o coronav\u00edrus ataque as c\u00e9lulas humanas e se multiplique. De acordo com a Regeneron, a combina\u00e7\u00e3o de dois anticorpos diferentes visa evitar a muta\u00e7\u00e3o do v\u00edrus Sars-cov2.<\/p>\n<p>Na entrevista, Spahn tamb\u00e9m alertou contra atribui\u00e7\u00f5es de culpa durante a pandemia, num momento em que muitos criticam a demora da campanha de vacina\u00e7\u00e3o no pa\u00eds e a falta de imunizantes suficientes. &#8220;Falar sobre erros e omiss\u00f5es \u00e9 importante. Mas sem que isso se torne algo implac\u00e1vel. Sem que se torne apenas uma quest\u00e3o de colocar a culpa nos outros&#8221;, disse o ministro.<\/p>\n<p>Spahn descartou o relaxamento das restri\u00e7\u00f5es para conten\u00e7\u00e3o do coronav\u00edrus s\u00f3 para pessoas vacinadas at\u00e9 que haja uma vacina\u00e7\u00e3o dispon\u00edvel para todos os cidad\u00e3os. &#8220;N\u00f3s nos solidarizamos em meio a esta pandemia durante um ano. Agora, podemos muito bem seguir as regras pelos meses restantes at\u00e9 que todos possam ser vacinados&#8221;, disse ele.<\/p>\n<p>Nesta ter\u00e7a-feira, a Alemanha\u00a0<a href=\"https:\/\/www.dw.com\/pt-br\/alemanha-estende-lockdown-at%C3%A9-14-de-fevereiro\/a-56277704\" target=\"_blank\" rel=\"noopener noreferrer\" data-id=\"113\" data-m=\"{&quot;i&quot;:113,&quot;p&quot;:110,&quot;n&quot;:&quot;partnerLink&quot;,&quot;y&quot;:24,&quot;o&quot;:3}\">estendeu seu lockdown<\/a>\u00a0nacional at\u00e9 14 de fevereiro, apesar de crescentes pedidos pela flexibiliza\u00e7\u00e3o de algumas medidas. Epidemiologistas do pa\u00eds afirmam que o debate sobre um relaxamento ainda \u00e9 prematuro. &#8220;Do ponto de vista epidemiol\u00f3gico, n\u00e3o est\u00e1 claro para mim por que uma flexibiliza\u00e7\u00e3o precoce (das restri\u00e7\u00f5es) est\u00e1 sendo discutida agora&#8221;, disse Hajo Zeeb do Instituto Leibniz para Pesquisa de Preven\u00e7\u00e3o e Epidemiologia \u00e0 ag\u00eancia de not\u00edcias alem\u00e3 dpa, citando as ainda altas taxas de infec\u00e7\u00e3o.<\/p>\n<p>Eva Grill, presidente da Sociedade Alem\u00e3 de Epidemiologia, disse estar profundamente preocupada. &#8220;Se o atual lockdown for relaxado muito cedo, corremos o risco de uma terceira onda, que nos atingir\u00e1 com mais for\u00e7a, porque a nova variante do v\u00edrus \u00e9 muito mais contagiosa.&#8221; MD\/dpa\/kna\/afp.<\/p>\n<\/section>\n<\/section>\n<\/article>\n<p><\/main><\/div>\n<\/div>\n","protected":false},"excerpt":{"rendered":"<p>O ministro da Sa\u00fade alem\u00e3o, Jans Spahn anunciou que o governo da Alemanha comprou uma nova droga contra o coronav\u00edrus \u00e0 base de anticorpos. &#8220;A partir da pr\u00f3xima semana a Alemanha ser\u00e1 o primeiro pa\u00eds da UE onde ser\u00e3o usados anticorpos monoclonais. Inicialmente isso ocorrer\u00e1 em cl\u00ednicas universit\u00e1rias&#8221;, disse Spahn, em entrevista publicada neste domingo &hellip;<\/p>\n","protected":false},"author":3,"featured_media":58519,"comment_status":"open","ping_status":"open","sticky":false,"template":"","format":"standard","meta":{"_exactmetrics_skip_tracking":false,"_exactmetrics_sitenote_active":false,"_exactmetrics_sitenote_note":"","_exactmetrics_sitenote_category":0,"footnotes":""},"categories":[4],"tags":[],"_links":{"self":[{"href":"https:\/\/goiasemtempo.com.br\/home\/wp-json\/wp\/v2\/posts\/58518"}],"collection":[{"href":"https:\/\/goiasemtempo.com.br\/home\/wp-json\/wp\/v2\/posts"}],"about":[{"href":"https:\/\/goiasemtempo.com.br\/home\/wp-json\/wp\/v2\/types\/post"}],"author":[{"embeddable":true,"href":"https:\/\/goiasemtempo.com.br\/home\/wp-json\/wp\/v2\/users\/3"}],"replies":[{"embeddable":true,"href":"https:\/\/goiasemtempo.com.br\/home\/wp-json\/wp\/v2\/comments?post=58518"}],"version-history":[{"count":1,"href":"https:\/\/goiasemtempo.com.br\/home\/wp-json\/wp\/v2\/posts\/58518\/revisions"}],"predecessor-version":[{"id":58520,"href":"https:\/\/goiasemtempo.com.br\/home\/wp-json\/wp\/v2\/posts\/58518\/revisions\/58520"}],"wp:featuredmedia":[{"embeddable":true,"href":"https:\/\/goiasemtempo.com.br\/home\/wp-json\/wp\/v2\/media\/58519"}],"wp:attachment":[{"href":"https:\/\/goiasemtempo.com.br\/home\/wp-json\/wp\/v2\/media?parent=58518"}],"wp:term":[{"taxonomy":"category","embeddable":true,"href":"https:\/\/goiasemtempo.com.br\/home\/wp-json\/wp\/v2\/categories?post=58518"},{"taxonomy":"post_tag","embeddable":true,"href":"https:\/\/goiasemtempo.com.br\/home\/wp-json\/wp\/v2\/tags?post=58518"}],"curies":[{"name":"wp","href":"https:\/\/api.w.org\/{rel}","templated":true}]}}