{"id":58459,"date":"2021-01-21T18:18:53","date_gmt":"2021-01-21T18:18:53","guid":{"rendered":"http:\/\/goiasemtempo.com.br\/home\/?p=58459"},"modified":"2021-02-05T15:20:23","modified_gmt":"2021-02-05T15:20:23","slug":"radares-e-lombadas-em-anapolis-comecam-com-multa-a-partir-de-4-de-fevereiro","status":"publish","type":"post","link":"https:\/\/goiasemtempo.com.br\/home\/radares-e-lombadas-em-anapolis-comecam-com-multa-a-partir-de-4-de-fevereiro\/","title":{"rendered":"Radares e lombadas em An\u00e1polis come\u00e7am com multa a partir de 4 de fevereiro"},"content":{"rendered":"<p>Todos os equipamentos de fiscaliza\u00e7\u00e3o eletr\u00f4nica- radares e lombadas- j\u00e1 instalados e auferidos pelo \u00f3rg\u00e3o regulador,(<strong>Inmetro<\/strong>) j\u00e1 estar\u00e3o multando os ve\u00edculos que forem flagrados com velocidade acima dos limites de velocidade permitidos,ou por avan\u00e7o de sem\u00e1foros e faixas de pedestres. a partir do <strong>dia 04 de fevereiro pr\u00f3ximo,<\/strong><\/p>\n<p>A Companhia Municipal de Tr\u00e2nsito e Transporte (<strong>CMTT<\/strong>) deu in\u00edcio nesta quinta-feira (<strong>21<\/strong>) a uma ampla campanha educativa, com o objetivo de orientar os motoristas sobre a fiscaliza\u00e7\u00e3o e sobre o in\u00edcio da multa aos eventuais infratores.<\/p>\n<p>Segundo o diretor de Tr\u00e2nsito da CMTT, <strong>Igor Lino Siqueira<\/strong>, as equipes do \u00f3rg\u00e3o j\u00e1 est\u00e3o nas ruas fazendo esse trabalho de orienta\u00e7\u00e3o, pelo qual \u00e9 distribu\u00eddo um folder informativo. Neste material, inclusive- disse- h\u00e1 um QR Code para que a pessoa possa, com o uso de dispositivo m\u00f3vel, ter acesso a um mapa com os pontos de monitoramento pela cidade.<\/p>\n<div class=\"jnews_inline_related_post_wrapper left\">\n<div class=\"jnews_inline_related_post\">\n<div class=\"jeg_postblock_28 jeg_postblock jeg_module_hook jeg_pagination_disable jeg_col_2o3 jnews_module_91375_0_6009d194d6790 \" data-unique=\"jnews_module_91375_0_6009d194d6790\">\n<div class=\"jeg_block_heading jeg_block_heading_5 jeg_subcat_right\"><\/div>\n<div class=\"jeg_block_container\">\n<div class=\"jeg_posts \">\n<div class=\"jeg_postsmall jeg_load_more_flag\">\n<article class=\"jeg_post jeg_pl_xs_4 format-standard\">\n<div class=\"jeg_postblock_content\">\n<h3 class=\"jeg_post_title\"><span style=\"font-size: 16px; font-weight: 400;\">O contrato firmado entre a Prefeitura de An\u00e1polis, via CMTT, e a empresa <strong>Velsis<\/strong>, prev\u00ea <strong>370 faixas<\/strong> de fiscaliza\u00e7\u00e3o com os equipamentos eletr\u00f4nicos. Neste primeiro momento, de acordo com Igor Siqueira, ser\u00e3o 90 faixas monitoradas.<\/span><\/h3>\n<\/div>\n<\/article>\n<\/div>\n<\/div>\n<\/div>\n<\/div>\n<\/div>\n<\/div>\n<p>O diretor da CMTT explica que um equipamento pode monitorar mais de uma faixa de rolamento na via. Por exemplo, na <strong>Avenida Brasi<\/strong>l, em determinado ponto um equipamento monitora tr\u00eas faixas num sentido e tr\u00eas no sentido contr\u00e1rio. Neste caso, dois equipamentos abrangem seis faixas.<\/p>\n<div class=\"jeg_ad jeg_ad_article jnews_content_inline_ads \">\n<div class=\"ads-wrapper align-center \">\n<div class=\"ads_code\">Os dispositivos que come\u00e7am a multar j\u00e1 est\u00e3o todos devidamente regularizados, inclusive, seguindo as novas orienta\u00e7\u00f5es normativas do Conselho Nacional de Tr\u00e2nsito (<strong>Contran<\/strong>), sobretudo, no que diz respeito \u00e0 quest\u00e3o da sinaliza\u00e7\u00e3o dos trechos monitorados.<\/div>\n<\/div>\n<\/div>\n<p>Ao longo da Avenida Brasil (<strong>Norte e Sul<\/strong>), a velocidade foi uniformizada. O condutor deve ficar atendo, portanto, ao limite da via, em <strong>60 km por hora<\/strong>. Em outros pontos, radares e lombadas podem ter situa\u00e7\u00f5es diferentes em rela\u00e7\u00e3o ao limite de velocidade permitida. Portanto, a recomenda\u00e7\u00e3o \u00e9 ficar de olho na sinaliza\u00e7\u00e3o.<\/p>\n<p><em>Com Ag\u00eancia de Not\u00edcias\/Claudius Brito\/Contexto<\/em>\/Edi\u00e7\u00e3o-<em>Goi\u00e1s Em Tempo\/<\/em><\/p>\n","protected":false},"excerpt":{"rendered":"<p>Todos os equipamentos de fiscaliza\u00e7\u00e3o eletr\u00f4nica- radares e lombadas- j\u00e1 instalados e auferidos pelo \u00f3rg\u00e3o regulador,(Inmetro) j\u00e1 estar\u00e3o multando os ve\u00edculos que forem flagrados com velocidade acima dos limites de velocidade permitidos,ou por avan\u00e7o de sem\u00e1foros e faixas de pedestres. a partir do dia 04 de fevereiro pr\u00f3ximo, A Companhia Municipal de Tr\u00e2nsito e Transporte &hellip;<\/p>\n","protected":false},"author":3,"featured_media":58460,"comment_status":"open","ping_status":"open","sticky":false,"template":"","format":"standard","meta":{"_exactmetrics_skip_tracking":false,"_exactmetrics_sitenote_active":false,"_exactmetrics_sitenote_note":"","_exactmetrics_sitenote_category":0,"footnotes":""},"categories":[18,19],"tags":[],"_links":{"self":[{"href":"https:\/\/goiasemtempo.com.br\/home\/wp-json\/wp\/v2\/posts\/58459"}],"collection":[{"href":"https:\/\/goiasemtempo.com.br\/home\/wp-json\/wp\/v2\/posts"}],"about":[{"href":"https:\/\/goiasemtempo.com.br\/home\/wp-json\/wp\/v2\/types\/post"}],"author":[{"embeddable":true,"href":"https:\/\/goiasemtempo.com.br\/home\/wp-json\/wp\/v2\/users\/3"}],"replies":[{"embeddable":true,"href":"https:\/\/goiasemtempo.com.br\/home\/wp-json\/wp\/v2\/comments?post=58459"}],"version-history":[{"count":3,"href":"https:\/\/goiasemtempo.com.br\/home\/wp-json\/wp\/v2\/posts\/58459\/revisions"}],"predecessor-version":[{"id":58463,"href":"https:\/\/goiasemtempo.com.br\/home\/wp-json\/wp\/v2\/posts\/58459\/revisions\/58463"}],"wp:featuredmedia":[{"embeddable":true,"href":"https:\/\/goiasemtempo.com.br\/home\/wp-json\/wp\/v2\/media\/58460"}],"wp:attachment":[{"href":"https:\/\/goiasemtempo.com.br\/home\/wp-json\/wp\/v2\/media?parent=58459"}],"wp:term":[{"taxonomy":"category","embeddable":true,"href":"https:\/\/goiasemtempo.com.br\/home\/wp-json\/wp\/v2\/categories?post=58459"},{"taxonomy":"post_tag","embeddable":true,"href":"https:\/\/goiasemtempo.com.br\/home\/wp-json\/wp\/v2\/tags?post=58459"}],"curies":[{"name":"wp","href":"https:\/\/api.w.org\/{rel}","templated":true}]}}