{"id":58452,"date":"2021-01-21T13:59:36","date_gmt":"2021-01-21T13:59:36","guid":{"rendered":"http:\/\/goiasemtempo.com.br\/home\/?p=58452"},"modified":"2021-02-05T15:20:24","modified_gmt":"2021-02-05T15:20:24","slug":"empresario-luciano-hangdono-da-havan-recebe-alta-apos-internacao-por-covid-19","status":"publish","type":"post","link":"https:\/\/goiasemtempo.com.br\/home\/empresario-luciano-hangdono-da-havan-recebe-alta-apos-internacao-por-covid-19\/","title":{"rendered":"Empres\u00e1rio Luciano Hang,dono da Havan, recebe alta ap\u00f3s interna\u00e7\u00e3o por Covid-19"},"content":{"rendered":"<p>O empres\u00e1rio Luciano Hang, dono das lojas Havan e um dos principais apoiadores do presidente da Rep\u00fablica, Jair Bolsonaro (sem partido), recebeu alta na noite desta quarta-feira (20) do Hospital Sancta Maggiore, no bairro do Morumbi, em S\u00e3o Paulo, ap\u00f3s contrair Covid-19.<\/p>\n<p>Em uma publica\u00e7\u00e3o nas redes sociais, o empres\u00e1rio bolsonarista agradeceu \u00e0 equipe m\u00e9dica que o atendeu. Al\u00e9m dele, sua mulher, Andrea Hang, e sua m\u00e3e, Regina Modesti Hang, tamb\u00e9m foram internadas com Covid. Regina ainda segue no hospital.<\/p>\n","protected":false},"excerpt":{"rendered":"<p>O empres\u00e1rio Luciano Hang, dono das lojas Havan e um dos principais apoiadores do presidente da Rep\u00fablica, Jair Bolsonaro (sem partido), recebeu alta na noite desta quarta-feira (20) do Hospital Sancta Maggiore, no bairro do Morumbi, em S\u00e3o Paulo, ap\u00f3s contrair Covid-19. Em uma publica\u00e7\u00e3o nas redes sociais, o empres\u00e1rio bolsonarista agradeceu \u00e0 equipe m\u00e9dica &hellip;<\/p>\n","protected":false},"author":3,"featured_media":58453,"comment_status":"open","ping_status":"open","sticky":false,"template":"","format":"standard","meta":{"_exactmetrics_skip_tracking":false,"_exactmetrics_sitenote_active":false,"_exactmetrics_sitenote_note":"","_exactmetrics_sitenote_category":0,"footnotes":""},"categories":[12],"tags":[],"_links":{"self":[{"href":"https:\/\/goiasemtempo.com.br\/home\/wp-json\/wp\/v2\/posts\/58452"}],"collection":[{"href":"https:\/\/goiasemtempo.com.br\/home\/wp-json\/wp\/v2\/posts"}],"about":[{"href":"https:\/\/goiasemtempo.com.br\/home\/wp-json\/wp\/v2\/types\/post"}],"author":[{"embeddable":true,"href":"https:\/\/goiasemtempo.com.br\/home\/wp-json\/wp\/v2\/users\/3"}],"replies":[{"embeddable":true,"href":"https:\/\/goiasemtempo.com.br\/home\/wp-json\/wp\/v2\/comments?post=58452"}],"version-history":[{"count":1,"href":"https:\/\/goiasemtempo.com.br\/home\/wp-json\/wp\/v2\/posts\/58452\/revisions"}],"predecessor-version":[{"id":58454,"href":"https:\/\/goiasemtempo.com.br\/home\/wp-json\/wp\/v2\/posts\/58452\/revisions\/58454"}],"wp:featuredmedia":[{"embeddable":true,"href":"https:\/\/goiasemtempo.com.br\/home\/wp-json\/wp\/v2\/media\/58453"}],"wp:attachment":[{"href":"https:\/\/goiasemtempo.com.br\/home\/wp-json\/wp\/v2\/media?parent=58452"}],"wp:term":[{"taxonomy":"category","embeddable":true,"href":"https:\/\/goiasemtempo.com.br\/home\/wp-json\/wp\/v2\/categories?post=58452"},{"taxonomy":"post_tag","embeddable":true,"href":"https:\/\/goiasemtempo.com.br\/home\/wp-json\/wp\/v2\/tags?post=58452"}],"curies":[{"name":"wp","href":"https:\/\/api.w.org\/{rel}","templated":true}]}}