{"id":58439,"date":"2021-01-21T13:29:31","date_gmt":"2021-01-21T13:29:31","guid":{"rendered":"http:\/\/goiasemtempo.com.br\/home\/?p=58439"},"modified":"2021-02-05T15:20:25","modified_gmt":"2021-02-05T15:20:25","slug":"sete-vereadores-derrotados-nas-eleicoes-tem-cargos-na-prefeitura-de-goiania","status":"publish","type":"post","link":"https:\/\/goiasemtempo.com.br\/home\/sete-vereadores-derrotados-nas-eleicoes-tem-cargos-na-prefeitura-de-goiania\/","title":{"rendered":"Sete vereadores derrotados nas elei\u00e7\u00f5es t\u00eam cargos na prefeitura de Goi\u00e2nia"},"content":{"rendered":"<p>O\u00a0<strong>prefeito Rog\u00e9rio Cruz (Republicanos)<\/strong>\u00a0<strong>nomeou<\/strong>\u00a0na quarta-feira (20) o ex-vereador<strong>\u00a0Den\u00edcio Trindade (MDB)<\/strong>\u00a0a secret\u00e1rio executivo\u00a0 da\u00a0<strong>Secretaria<\/strong>\u00a0Municipal de Educa\u00e7\u00e3o. A nomea\u00e7\u00e3o j\u00e1 foi publicada no Di\u00e1rio Oficial do Munic\u00edpio. Com isso, a\u00a0<strong>prefeitura<\/strong>\u00a0soma\u00a0<strong>sete ex-vereadores<\/strong>\u00a0com\u00a0<strong>cargos\u00a0<\/strong>na administra\u00e7\u00e3o<strong>.<\/strong><\/p>\n<p>Al\u00e9m de Den\u00edcio Trindade,\u00a0<strong>Tatiana Lemos (PCdoB)<\/strong>\u00a0assumiu ainda no in\u00edcio da gest\u00e3o a Secretaria da Mulher. Ela teve problemas com a Justi\u00e7a eleitoral e n\u00e3o conseguiu se reeleger vereadora em 2020. Outro vereador derrotado nas urnas que assumiu a titularidade de uma secretaria foi\u00a0<strong>\u00c1lvaro da Universo (Patriota)<\/strong>, que \u00e9 Secret\u00e1rio do Esporte.<\/p>\n<p>J\u00e1\u00a0<strong>Felizberto Tavares (Podemos)<\/strong>\u00a0n\u00e3o concorreu \u00e0 reelei\u00e7\u00e3o para a C\u00e2mara Municipal, pois colocou seu nome como pr\u00e9-candidato a prefeito de Goi\u00e2nia. Ap\u00f3s articula\u00e7\u00e3o figurou como vice de Samuel Almeida (Pros), mas, insatisfeito, foi coordenar a campanha de Maguito na Regi\u00e3o Leste da capital. Com a vit\u00f3ria do MDB, assumiu a Secretaria Extraordin\u00e1ria do Munic\u00edpio<\/p>\n<p><strong>Ti\u00e3ozinho Porto (MDB)<\/strong>\u00a0\u00e9 outro n\u00e3o reeleito que est\u00e1 na prefeitura. Ele, que j\u00e1 foi l\u00edder do ex-prefeito Iris Rezende (MDB) na C\u00e2mara, foi nomeado como secret\u00e1rio executivo da Secretaria de Desenvolvimento e Economia Criativa. Assim como\u00a0<strong>Zander F\u00e1bio (Patriota)<\/strong>, que tamb\u00e9m \u00e9 secret\u00e1rio executivo, mas da Secretaria de Esporte. Enquanto\u00a0<strong>Gustavo Cruvinel (MDB<\/strong>) assumiu a presid\u00eancia do Procon.<\/p>\n<p>Com Ag\u00eancia de Not\u00edcias\/Eduardo Pinheiro\/MGoi\u00e1s\/<\/p>\n","protected":false},"excerpt":{"rendered":"<p>O\u00a0prefeito Rog\u00e9rio Cruz (Republicanos)\u00a0nomeou\u00a0na quarta-feira (20) o ex-vereador\u00a0Den\u00edcio Trindade (MDB)\u00a0a secret\u00e1rio executivo\u00a0 da\u00a0Secretaria\u00a0Municipal de Educa\u00e7\u00e3o. A nomea\u00e7\u00e3o j\u00e1 foi publicada no Di\u00e1rio Oficial do Munic\u00edpio. Com isso, a\u00a0prefeitura\u00a0soma\u00a0sete ex-vereadores\u00a0com\u00a0cargos\u00a0na administra\u00e7\u00e3o. Al\u00e9m de Den\u00edcio Trindade,\u00a0Tatiana Lemos (PCdoB)\u00a0assumiu ainda no in\u00edcio da gest\u00e3o a Secretaria da Mulher. Ela teve problemas com a Justi\u00e7a eleitoral e n\u00e3o conseguiu &hellip;<\/p>\n","protected":false},"author":3,"featured_media":58440,"comment_status":"open","ping_status":"open","sticky":false,"template":"","format":"standard","meta":{"_exactmetrics_skip_tracking":false,"_exactmetrics_sitenote_active":false,"_exactmetrics_sitenote_note":"","_exactmetrics_sitenote_category":0,"footnotes":""},"categories":[7],"tags":[],"_links":{"self":[{"href":"https:\/\/goiasemtempo.com.br\/home\/wp-json\/wp\/v2\/posts\/58439"}],"collection":[{"href":"https:\/\/goiasemtempo.com.br\/home\/wp-json\/wp\/v2\/posts"}],"about":[{"href":"https:\/\/goiasemtempo.com.br\/home\/wp-json\/wp\/v2\/types\/post"}],"author":[{"embeddable":true,"href":"https:\/\/goiasemtempo.com.br\/home\/wp-json\/wp\/v2\/users\/3"}],"replies":[{"embeddable":true,"href":"https:\/\/goiasemtempo.com.br\/home\/wp-json\/wp\/v2\/comments?post=58439"}],"version-history":[{"count":1,"href":"https:\/\/goiasemtempo.com.br\/home\/wp-json\/wp\/v2\/posts\/58439\/revisions"}],"predecessor-version":[{"id":58441,"href":"https:\/\/goiasemtempo.com.br\/home\/wp-json\/wp\/v2\/posts\/58439\/revisions\/58441"}],"wp:featuredmedia":[{"embeddable":true,"href":"https:\/\/goiasemtempo.com.br\/home\/wp-json\/wp\/v2\/media\/58440"}],"wp:attachment":[{"href":"https:\/\/goiasemtempo.com.br\/home\/wp-json\/wp\/v2\/media?parent=58439"}],"wp:term":[{"taxonomy":"category","embeddable":true,"href":"https:\/\/goiasemtempo.com.br\/home\/wp-json\/wp\/v2\/categories?post=58439"},{"taxonomy":"post_tag","embeddable":true,"href":"https:\/\/goiasemtempo.com.br\/home\/wp-json\/wp\/v2\/tags?post=58439"}],"curies":[{"name":"wp","href":"https:\/\/api.w.org\/{rel}","templated":true}]}}