{"id":58291,"date":"2021-01-13T13:15:52","date_gmt":"2021-01-13T13:15:52","guid":{"rendered":"http:\/\/goiasemtempo.com.br\/home\/?p=58291"},"modified":"2021-01-13T13:15:52","modified_gmt":"2021-01-13T13:15:52","slug":"morre-em-sao-paulo-maguito-vilela-prefeito-eleito-de-goiania-aos-71-anos","status":"publish","type":"post","link":"https:\/\/goiasemtempo.com.br\/home\/morre-em-sao-paulo-maguito-vilela-prefeito-eleito-de-goiania-aos-71-anos\/","title":{"rendered":"Morre em S\u00e3o Paulo Maguito Vilela, prefeito eleito de Goi\u00e2nia, aos 71 anos"},"content":{"rendered":"<div class=\"the-content\">\n<p>S\u00e3o Paulo \u2013 O prefeito de Goi\u00e2nia, Maguito Vilela (MDB), morreu na madrugada desta quarta-feira (13), no Hospital Israelita Albert Einstein, em S\u00e3o Paulo. Licenciado, ele estava internado desde o dia 27 de outubro em raz\u00e3o de complica\u00e7\u00f5es decorrentes do Covid-19.<\/p>\n<p>Maguito teve uma infec\u00e7\u00e3o pulmonar, diagnosticada na semana passada, e n\u00e3o resistiu. O corpo do prefeito ser\u00e1 levado a Goi\u00e1s e deve ser sepultado em Jata\u00ed, sua cidade natal, no interior do estado, segundo comunicado publicado no perfil oficial de Vilela.<\/p>\n<div id=\"redeb-900932528\" class=\"redeb-conteudo\"><\/div>\n<p>O prefeito enfrentou a doen\u00e7a desde o come\u00e7o das elei\u00e7\u00f5es municipais. Durante a campanha, ainda no primeiro turno, foi diagnosticado com a doen\u00e7a e foi internado com 75% do pulm\u00e3o comprometido. O ent\u00e3o candidato passou para o segundo turno e venceu,com 52,6% dos votos.<\/p>\n<div id=\"redeb-119305180\" class=\"redeb-content-placement-after-3rd-paragraph\"><\/div>\n<p>Maguito Vilela tomou posse no dia 1\u00ba de janeiro com assinatura eletr\u00f4nica na Unidade de Terapia Intensiva (UTI) do hospital. Uma hora e meia depois, o vice-prefeito, Rog\u00e9rio Cruz (Republicanos), assumiu o governo interinamente e participou da transmiss\u00e3o do cargo. Ap\u00f3s Maguito ter sido empossado, a equipe de transi\u00e7\u00e3o solicitou afastamento dele para tratamento de sa\u00fade por tempo indeterminado.<\/p>\n<p>Maguito perdeu duas irm\u00e3s para a covid-19 em intervalo de menos de dez dias em agosto de 2020. No dia 19, morreu Nelma Vilela Veloso, que tinha diabetes e problemas pulmonares, comorbidades que agravaram o quadro. J\u00e1 no dia 28, a irm\u00e3 mais velha, Nelita Vilela, tamb\u00e9m faleceu.<\/p>\n<p>Em uma publica\u00e7\u00e3o numa rede social, Cruz lamentou, na manh\u00e3 desta quarta, a morte de Maguito e disse que ter\u00e1 uma grande responsabilidade em administrar Goi\u00e2nia.<\/p>\n<p>O Brasil voltou a registrar mais de mil mortes por covid-19 em um per\u00edodo de 24 horas. Nesta ter\u00e7a-feira (12), foram 1.110 v\u00edtimas de acordo com o\u00a0<a href=\"https:\/\/www.conass.org.br\/painelconasscovid19\/\">Conselho Nacional dos Secret\u00e1rios de Sa\u00fade<\/a>\u00a0(Conass). Desde o in\u00edcio do surto, em mar\u00e7o, o pa\u00eds contabiliza 204.690 vidas perdidas para o novo coronav\u00edrus.<\/p>\n<div id=\"redeb-1220206944\" class=\"redeb-depois-do-conteudo_2\">Com Ag\u00eancia de Not\u00edcias\/<\/div>\n<\/div>\n","protected":false},"excerpt":{"rendered":"<p>S\u00e3o Paulo \u2013 O prefeito de Goi\u00e2nia, Maguito Vilela (MDB), morreu na madrugada desta quarta-feira (13), no Hospital Israelita Albert Einstein, em S\u00e3o Paulo. Licenciado, ele estava internado desde o dia 27 de outubro em raz\u00e3o de complica\u00e7\u00f5es decorrentes do Covid-19. Maguito teve uma infec\u00e7\u00e3o pulmonar, diagnosticada na semana passada, e n\u00e3o resistiu. O corpo &hellip;<\/p>\n","protected":false},"author":3,"featured_media":58292,"comment_status":"open","ping_status":"open","sticky":false,"template":"","format":"standard","meta":{"_exactmetrics_skip_tracking":false,"_exactmetrics_sitenote_active":false,"_exactmetrics_sitenote_note":"","_exactmetrics_sitenote_category":0,"footnotes":""},"categories":[15,19],"tags":[],"_links":{"self":[{"href":"https:\/\/goiasemtempo.com.br\/home\/wp-json\/wp\/v2\/posts\/58291"}],"collection":[{"href":"https:\/\/goiasemtempo.com.br\/home\/wp-json\/wp\/v2\/posts"}],"about":[{"href":"https:\/\/goiasemtempo.com.br\/home\/wp-json\/wp\/v2\/types\/post"}],"author":[{"embeddable":true,"href":"https:\/\/goiasemtempo.com.br\/home\/wp-json\/wp\/v2\/users\/3"}],"replies":[{"embeddable":true,"href":"https:\/\/goiasemtempo.com.br\/home\/wp-json\/wp\/v2\/comments?post=58291"}],"version-history":[{"count":1,"href":"https:\/\/goiasemtempo.com.br\/home\/wp-json\/wp\/v2\/posts\/58291\/revisions"}],"predecessor-version":[{"id":58293,"href":"https:\/\/goiasemtempo.com.br\/home\/wp-json\/wp\/v2\/posts\/58291\/revisions\/58293"}],"wp:featuredmedia":[{"embeddable":true,"href":"https:\/\/goiasemtempo.com.br\/home\/wp-json\/wp\/v2\/media\/58292"}],"wp:attachment":[{"href":"https:\/\/goiasemtempo.com.br\/home\/wp-json\/wp\/v2\/media?parent=58291"}],"wp:term":[{"taxonomy":"category","embeddable":true,"href":"https:\/\/goiasemtempo.com.br\/home\/wp-json\/wp\/v2\/categories?post=58291"},{"taxonomy":"post_tag","embeddable":true,"href":"https:\/\/goiasemtempo.com.br\/home\/wp-json\/wp\/v2\/tags?post=58291"}],"curies":[{"name":"wp","href":"https:\/\/api.w.org\/{rel}","templated":true}]}}