{"id":58257,"date":"2021-01-11T18:59:23","date_gmt":"2021-01-11T18:59:23","guid":{"rendered":"http:\/\/goiasemtempo.com.br\/home\/?p=58257"},"modified":"2021-01-11T18:59:23","modified_gmt":"2021-01-11T18:59:23","slug":"fies-oferecera-93-mil-vagas-para-financiamento-estudantil-em-2021","status":"publish","type":"post","link":"https:\/\/goiasemtempo.com.br\/home\/fies-oferecera-93-mil-vagas-para-financiamento-estudantil-em-2021\/","title":{"rendered":"Fies oferecer\u00e1 93 mil vagas para financiamento estudantil em 2021"},"content":{"rendered":"<div class=\"post-item-wrap\">\n<p>O Fundo de Financiamento Estudantil (Fies) vai oferecer 93 mil vagas em 2021. Com isso, o aporte financeiro do Minist\u00e9rio da Educa\u00e7\u00e3o (MEC) ser\u00e1 de R$ 500 milh\u00f5es para viabilizar as vagas. Esses n\u00fameros est\u00e3o no Plano Trienal do Fundo de Financiamento Estudantil, publicado no \u00faltimo dia de dezembro.<img decoding=\"async\" src=\"https:\/\/agenciabrasil.ebc.com.br\/ebc.png?id=1397902&amp;o=node\" \/><img decoding=\"async\" src=\"https:\/\/agenciabrasil.ebc.com.br\/ebc.gif?id=1397902&amp;o=node\" \/><\/p>\n<p>O plano traz a previs\u00e3o para os pr\u00f3ximos tr\u00eas anos. Nesse per\u00edodo, ser\u00e3o ofertadas, no total, 279 mil vagas. O Fies \u00e9 o programa do governo federal que tem como meta facilitar o acesso ao cr\u00e9dito para financiamento de cursos de ensino superior oferecidos por institui\u00e7\u00f5es privadas. Criado em 1999, ele \u00e9 ofertado em duas modalidades desde 2018, por meio do Fies e do Programa de Financiamento Estudantil (P-Fies).<\/p>\n<p><strong>Confira a mat\u00e9ria do Rep\u00f3rter Brasil:<\/strong><\/p>\n<div class=\"embed-container\"><iframe src=\"https:\/\/www.youtube.com\/embed\/\/Or9CJSMhcZw\" frameborder=\"0\" allowfullscreen=\"allowfullscreen\" data-mce-fragment=\"1\"><\/iframe><\/div>\n<p>O per\u00edodo de inscri\u00e7\u00f5es para o processo seletivo do Fies para o 1\u00ba semestre de 2021 \u00e9 do dia 26 at\u00e9 as 23h59 de 29 de janeiro de 2021. O resultado ser\u00e1 divulgado no dia 2 de fevereiro. Para os pr\u00e9-selecionados em chamada \u00fanica, o prazo para complementar a inscri\u00e7\u00e3o \u00e9 de 3 a 5 de fevereiro.<\/p>\n<p>Os candidatos n\u00e3o pr\u00e9-selecionados na chamada \u00fanica do Fies podem disputar uma das vagas ofertadas por meio da lista de espera. Todos os n\u00e3o pr\u00e9-selecionados na chamada \u00fanica ser\u00e3o, automaticamente, inclu\u00eddos na lista de espera. A convoca\u00e7\u00e3o por meio da lista de espera ocorrer\u00e1 de 3 de fevereiro at\u00e9 o dia 18 de mar\u00e7o de 2021.<\/p>\n<\/div>\n<p class=\"alt-font font-italic my-2 small text-info\">Edi\u00e7\u00e3o: Aline Leal<\/p>\n","protected":false},"excerpt":{"rendered":"<p>O Fundo de Financiamento Estudantil (Fies) vai oferecer 93 mil vagas em 2021. Com isso, o aporte financeiro do Minist\u00e9rio da Educa\u00e7\u00e3o (MEC) ser\u00e1 de R$ 500 milh\u00f5es para viabilizar as vagas. Esses n\u00fameros est\u00e3o no Plano Trienal do Fundo de Financiamento Estudantil, publicado no \u00faltimo dia de dezembro. O plano traz a previs\u00e3o para &hellip;<\/p>\n","protected":false},"author":3,"featured_media":58258,"comment_status":"open","ping_status":"open","sticky":false,"template":"","format":"standard","meta":{"_exactmetrics_skip_tracking":false,"_exactmetrics_sitenote_active":false,"_exactmetrics_sitenote_note":"","_exactmetrics_sitenote_category":0,"footnotes":""},"categories":[6,25],"tags":[],"_links":{"self":[{"href":"https:\/\/goiasemtempo.com.br\/home\/wp-json\/wp\/v2\/posts\/58257"}],"collection":[{"href":"https:\/\/goiasemtempo.com.br\/home\/wp-json\/wp\/v2\/posts"}],"about":[{"href":"https:\/\/goiasemtempo.com.br\/home\/wp-json\/wp\/v2\/types\/post"}],"author":[{"embeddable":true,"href":"https:\/\/goiasemtempo.com.br\/home\/wp-json\/wp\/v2\/users\/3"}],"replies":[{"embeddable":true,"href":"https:\/\/goiasemtempo.com.br\/home\/wp-json\/wp\/v2\/comments?post=58257"}],"version-history":[{"count":1,"href":"https:\/\/goiasemtempo.com.br\/home\/wp-json\/wp\/v2\/posts\/58257\/revisions"}],"predecessor-version":[{"id":58259,"href":"https:\/\/goiasemtempo.com.br\/home\/wp-json\/wp\/v2\/posts\/58257\/revisions\/58259"}],"wp:featuredmedia":[{"embeddable":true,"href":"https:\/\/goiasemtempo.com.br\/home\/wp-json\/wp\/v2\/media\/58258"}],"wp:attachment":[{"href":"https:\/\/goiasemtempo.com.br\/home\/wp-json\/wp\/v2\/media?parent=58257"}],"wp:term":[{"taxonomy":"category","embeddable":true,"href":"https:\/\/goiasemtempo.com.br\/home\/wp-json\/wp\/v2\/categories?post=58257"},{"taxonomy":"post_tag","embeddable":true,"href":"https:\/\/goiasemtempo.com.br\/home\/wp-json\/wp\/v2\/tags?post=58257"}],"curies":[{"name":"wp","href":"https:\/\/api.w.org\/{rel}","templated":true}]}}