{"id":58250,"date":"2021-01-11T18:25:08","date_gmt":"2021-01-11T18:25:08","guid":{"rendered":"http:\/\/goiasemtempo.com.br\/home\/?p=58250"},"modified":"2021-01-11T18:25:48","modified_gmt":"2021-01-11T18:25:48","slug":"pazuello-garante-que-vacinas-chegarao-aos-estados-3-ou-4-dias-apos-aval-da-anvisa","status":"publish","type":"post","link":"https:\/\/goiasemtempo.com.br\/home\/pazuello-garante-que-vacinas-chegarao-aos-estados-3-ou-4-dias-apos-aval-da-anvisa\/","title":{"rendered":"Ministro Pazuello garante que vacinas chegar\u00e3o aos estados 3 ou 4 dias ap\u00f3s aval da Anvisa"},"content":{"rendered":"<div class=\"post-item-wrap\">\n<p>O ministro da Sa\u00fade, Eduardo Pazuello, disse hoje (11) que o programa de vacina\u00e7\u00e3o contra a covid-19 a ser implementado pelo governo pode priorizar a aplica\u00e7\u00e3o da primeira dose no maior n\u00famero poss\u00edvel de pessoas, antes que se inicie a aplica\u00e7\u00e3o de uma segunda dose.<img decoding=\"async\" src=\"https:\/\/agenciabrasil.ebc.com.br\/ebc.png?id=1398350&amp;o=node\" \/><img decoding=\"async\" src=\"https:\/\/agenciabrasil.ebc.com.br\/ebc.gif?id=1398350&amp;o=node\" \/><\/p>\n<div class=\"dnd-widget-wrapper context-medio_4colunas type-image atom-align-left\">\n<div class=\"dnd-atom-rendered\">\n<div class=\"shadow overflow-hidden rounded-lg d-block zoom-on-hover-sm shadow-hover w-100\"><img decoding=\"async\" class=\"flex-fill img-cover\" title=\"reprodu\u00e7\u00e3o\/Twitter\" src=\"https:\/\/imagens.ebc.com.br\/wHfj5-FDlkCjZM59a0zYBtO3hqI=\/365x0\/smart\/https:\/\/agenciabrasil.ebc.com.br\/sites\/default\/files\/thumbnails\/image\/ministro-pazzuello-saude2.png?itok=sYs6Pr3T\" alt=\"Governo lan\u00e7a a\u00e7\u00f5es de apoio ao combate da covid-19 em Manaus\" \/><\/div>\n<\/div>\n<div class=\"dnd-caption-wrapper\">\n<h6 class=\"meta\">Governo lan\u00e7a a\u00e7\u00f5es de apoio ao combate da covid-19 em Manaus &#8211;\u00a0<strong>reprodu\u00e7\u00e3o\/Twitter<\/strong><\/h6>\n<\/div>\n<\/div>\n<p>Segundo o ministro, a vacina desenvolvida pela Universidade de Oxford com a farmac\u00eautica Astrazeneca, cuja produ\u00e7\u00e3o ser\u00e1 feita pela Fiocruz no Brasil, possui efic\u00e1cia de 71% com a aplica\u00e7\u00e3o da primeira dose. \u201cCom duas doses voc\u00ea vai a 90%\u201d, disse Pazuello.<\/p>\n<p>\u201cTalvez o foco seja n\u00e3o na imunidade completa, mas na redu\u00e7\u00e3o da contamina\u00e7\u00e3o\u201d, afirmou o ministro, explicando que com uma primeira dose a ideia \u00e9 de que a pandemia v\u00e1 \u201cdiminuir muito\u201d. Ap\u00f3s essa redu\u00e7\u00e3o nas contamina\u00e7\u00f5es \u00e9 que se come\u00e7aria a aplica\u00e7\u00e3o de uma segunda dose.<\/p>\n<p>As declara\u00e7\u00f5es foram dadas em Manaus, onde o ministro se reuniu com o governador do Amazonas, Wilson Lima, para discutir medidas de enfrentamento \u00e0 pandemia diante do avan\u00e7o da doen\u00e7a no Amazonas. Na m\u00e9dia dos \u00faltimos 14 dias, houve alta de 72% nas contamina\u00e7\u00f5es e 80% nas mortes, segundo os dados do governo estadual.<\/p>\n<p>Em todo o Amazonas, tanto a rede p\u00fablica como a privada encontram-se com mais de 90% dos leitos ocupados, sejam normais ou de UTI.<\/p>\n<h2>Veja a \u00edntegra da transmiss\u00e3o:<\/h2>\n<p><iframe src=\"https:\/\/www.facebook.com\/plugins\/video.php?href=https%3A%2F%2Fwww.facebook.com%2Fminsaude%2Fvideos%2F865726930929707%2F&amp;show_text=0&amp;width=560\" width=\"560\" height=\"315\" frameborder=\"0\" scrolling=\"no\" allowfullscreen=\"allowfullscreen\" data-mce-fragment=\"1\"><\/iframe><\/p>\n<h2>In\u00edcio da vacina\u00e7\u00e3o<\/h2>\n<p>Em sua fala durante o encontro com o governador do Amazonas, Pazuello voltou a afirmar que a vacina\u00e7\u00e3o ter\u00e1 in\u00edcio simult\u00e2neo em todas as unidades da federa\u00e7\u00e3o, \u201cno dia D\u00a0e na hora H\u201d. O ministro n\u00e3o deu data espec\u00edfica, mas disse que os brasileiros estar\u00e3o sendo vacinados \u201ctr\u00eas a quatro dias\u201d ap\u00f3s a aprova\u00e7\u00e3o do uso emergencial de qualquer vacina pela Ag\u00eancia Nacional de Vigil\u00e2ncia Sanit\u00e1ria (Anvisa).<\/p>\n<p>Ele convocou prefeitos a deixarem salas de imuniza\u00e7\u00e3o e dep\u00f3sitos refrigerados prontos para serem acionados logo ap\u00f3s a aprova\u00e7\u00e3o de um imunizante. Pazuello acrescentou ainda que cada estado precisa ter um plano de imuniza\u00e7\u00e3o pr\u00f3prio preparado, devido \u00e0s peculiaridades log\u00edsticas locais.<\/p>\n<p>Assim como tinha feito na semana passada, o ministro apresentou tr\u00eas poss\u00edveis cronogramas. Em um\u00a0panorama mais curto, a vacina\u00e7\u00e3o poder\u00e1 come\u00e7ar at\u00e9 20 de janeiro, segundo ele, caso haja libera\u00e7\u00e3o r\u00e1pida da Anvisa. Nessa hip\u00f3tese, j\u00e1 h\u00e1 6 milh\u00f5es de doses da CoronaVac, da empresa chinesa Sinovac, dispon\u00edveis para uso, que foram importadas pelo Instituto Butantan, de S\u00e3o Paulo.<\/p>\n<p>Nesse caso, segundo ele, uma dificuldade \u00e9 que a CoronaVac n\u00e3o possui autoriza\u00e7\u00e3o para uso emergencial nem mesmo na China, o que pode resultar em demora maior para a aprova\u00e7\u00e3o pela Anvisa. Ele afirmou que o minist\u00e9rio \u201ctem todo interesse\u201d na aprova\u00e7\u00e3o do imunizante.<\/p>\n<p>Outras 2 milh\u00f5es de doses da vacina da Astrazeneca\/Oxford j\u00e1 foram compradas na \u00cdndia, onde j\u00e1 tiveram uso autorizado, disse o ministro. A chegada deve ocorrer dentro de dez dias, a depender de libera\u00e7\u00e3o pelo governo indiano.<\/p>\n<h2>Uso emergencial<\/h2>\n<p>O ministro voltou a apresentar n\u00fameros segundo os quais o Minist\u00e9rio da Sa\u00fade possui contratada a compra de ao menos 350 milh\u00f5es de doses de vacina at\u00e9 o fim do ano. \u201cContratado. N\u00e3o \u00e9 sinalizado, n\u00e3o \u00e9 memorando de entendimento, \u00e9 contratado. Empenho, liquida\u00e7\u00e3o e pagamento\u201d disse.<\/p>\n<p>Nesse total, o minist\u00e9rio contabiliza cerca 210 milh\u00f5es de doses da Astrazeneca\/Oxford e\u00a0<a href=\"https:\/\/agenciabrasil.ebc.com.br\/saude\/noticia\/2021-01\/saude-anuncia-compra-coronavac\" target=\"_blank\" rel=\"noopener noreferrer\">100 milh\u00f5es de doses da CoronaVac<\/a>, os dois imunizantes que devem ser produzidos no Brasil, pela Fiocruz e pelo Butantan, respectivamente.<\/p>\n<p>O minist\u00e9rio tamb\u00e9m negocia a compra de diversas outras vacinas \u2013 como a Sputinik V (imagem acima), de origem russa, as vacinas norte-americanas da Pfizer e da Moderna, e a vacina Jansen, empresa do grupo Johnson &amp; Johnson. No entanto, ele voltou a afirmar que as quantidades dispon\u00edveis para importa\u00e7\u00e3o s\u00e3o \u201cp\u00edfias\u201d para as dimens\u00f5es do Brasil e que o pa\u00eds precisa contar com a fabrica\u00e7\u00e3o pr\u00f3pria.<\/p>\n<\/div>\n<p class=\"alt-font font-italic my-2 small text-info\">Edi\u00e7\u00e3o: Denise Griesinger<\/p>\n","protected":false},"excerpt":{"rendered":"<p>O ministro da Sa\u00fade, Eduardo Pazuello, disse hoje (11) que o programa de vacina\u00e7\u00e3o contra a covid-19 a ser implementado pelo governo pode priorizar a aplica\u00e7\u00e3o da primeira dose no maior n\u00famero poss\u00edvel de pessoas, antes que se inicie a aplica\u00e7\u00e3o de uma segunda dose. Governo lan\u00e7a a\u00e7\u00f5es de apoio ao combate da covid-19 em &hellip;<\/p>\n","protected":false},"author":3,"featured_media":58251,"comment_status":"open","ping_status":"open","sticky":false,"template":"","format":"standard","meta":{"_exactmetrics_skip_tracking":false,"_exactmetrics_sitenote_active":false,"_exactmetrics_sitenote_note":"","_exactmetrics_sitenote_category":0,"footnotes":""},"categories":[6,45],"tags":[],"_links":{"self":[{"href":"https:\/\/goiasemtempo.com.br\/home\/wp-json\/wp\/v2\/posts\/58250"}],"collection":[{"href":"https:\/\/goiasemtempo.com.br\/home\/wp-json\/wp\/v2\/posts"}],"about":[{"href":"https:\/\/goiasemtempo.com.br\/home\/wp-json\/wp\/v2\/types\/post"}],"author":[{"embeddable":true,"href":"https:\/\/goiasemtempo.com.br\/home\/wp-json\/wp\/v2\/users\/3"}],"replies":[{"embeddable":true,"href":"https:\/\/goiasemtempo.com.br\/home\/wp-json\/wp\/v2\/comments?post=58250"}],"version-history":[{"count":2,"href":"https:\/\/goiasemtempo.com.br\/home\/wp-json\/wp\/v2\/posts\/58250\/revisions"}],"predecessor-version":[{"id":58253,"href":"https:\/\/goiasemtempo.com.br\/home\/wp-json\/wp\/v2\/posts\/58250\/revisions\/58253"}],"wp:featuredmedia":[{"embeddable":true,"href":"https:\/\/goiasemtempo.com.br\/home\/wp-json\/wp\/v2\/media\/58251"}],"wp:attachment":[{"href":"https:\/\/goiasemtempo.com.br\/home\/wp-json\/wp\/v2\/media?parent=58250"}],"wp:term":[{"taxonomy":"category","embeddable":true,"href":"https:\/\/goiasemtempo.com.br\/home\/wp-json\/wp\/v2\/categories?post=58250"},{"taxonomy":"post_tag","embeddable":true,"href":"https:\/\/goiasemtempo.com.br\/home\/wp-json\/wp\/v2\/tags?post=58250"}],"curies":[{"name":"wp","href":"https:\/\/api.w.org\/{rel}","templated":true}]}}