{"id":58089,"date":"2021-01-03T18:13:31","date_gmt":"2021-01-03T18:13:31","guid":{"rendered":"http:\/\/goiasemtempo.com.br\/home\/?p=58089"},"modified":"2021-01-03T18:14:58","modified_gmt":"2021-01-03T18:14:58","slug":"jovem-de-anapolis-recebe-descarga-eletrica-e-morre-no-lago-corumba-iv","status":"publish","type":"post","link":"https:\/\/goiasemtempo.com.br\/home\/jovem-de-anapolis-recebe-descarga-eletrica-e-morre-no-lago-corumba-iv\/","title":{"rendered":"Jovem de An\u00e1polis recebe descarga el\u00e9trica e morre no lago Corumb\u00e1 IV"},"content":{"rendered":"<p>Neste s\u00e1bado (02), no Lago de Corumb\u00e1 IV, em Abadi\u00e2nia, Jo\u00e3o Paulo Vieira Azevedo ,morreu acidentalmente.<br \/>\nO jovem, que \u00e9 morador de An\u00e1polis, estava no Jet ski, ao sair para subir em um flutuante, encostou em um fio desencapado e recebeu uma forte descarga el\u00e9trica.<\/p>\n<p>O \u00f3bito quase que instant\u00e2neo, foi confirmado no local por uma equipe m\u00e9dica.<br \/>\nJo\u00e3o Paulo de 27 anos, deixa uma esposa e duas filhas crian\u00e7as.<\/p>\n<p>Com Ag\u00eancia de Not\u00edcias\/<\/p>\n<p>&nbsp;<\/p>\n","protected":false},"excerpt":{"rendered":"<p>Neste s\u00e1bado (02), no Lago de Corumb\u00e1 IV, em Abadi\u00e2nia, Jo\u00e3o Paulo Vieira Azevedo ,morreu acidentalmente. O jovem, que \u00e9 morador de An\u00e1polis, estava no Jet ski, ao sair para subir em um flutuante, encostou em um fio desencapado e recebeu uma forte descarga el\u00e9trica. O \u00f3bito quase que instant\u00e2neo, foi confirmado no local por &hellip;<\/p>\n","protected":false},"author":3,"featured_media":58090,"comment_status":"open","ping_status":"open","sticky":false,"template":"","format":"standard","meta":{"_exactmetrics_skip_tracking":false,"_exactmetrics_sitenote_active":false,"_exactmetrics_sitenote_note":"","_exactmetrics_sitenote_category":0,"footnotes":""},"categories":[18,58],"tags":[],"_links":{"self":[{"href":"https:\/\/goiasemtempo.com.br\/home\/wp-json\/wp\/v2\/posts\/58089"}],"collection":[{"href":"https:\/\/goiasemtempo.com.br\/home\/wp-json\/wp\/v2\/posts"}],"about":[{"href":"https:\/\/goiasemtempo.com.br\/home\/wp-json\/wp\/v2\/types\/post"}],"author":[{"embeddable":true,"href":"https:\/\/goiasemtempo.com.br\/home\/wp-json\/wp\/v2\/users\/3"}],"replies":[{"embeddable":true,"href":"https:\/\/goiasemtempo.com.br\/home\/wp-json\/wp\/v2\/comments?post=58089"}],"version-history":[{"count":3,"href":"https:\/\/goiasemtempo.com.br\/home\/wp-json\/wp\/v2\/posts\/58089\/revisions"}],"predecessor-version":[{"id":58093,"href":"https:\/\/goiasemtempo.com.br\/home\/wp-json\/wp\/v2\/posts\/58089\/revisions\/58093"}],"wp:featuredmedia":[{"embeddable":true,"href":"https:\/\/goiasemtempo.com.br\/home\/wp-json\/wp\/v2\/media\/58090"}],"wp:attachment":[{"href":"https:\/\/goiasemtempo.com.br\/home\/wp-json\/wp\/v2\/media?parent=58089"}],"wp:term":[{"taxonomy":"category","embeddable":true,"href":"https:\/\/goiasemtempo.com.br\/home\/wp-json\/wp\/v2\/categories?post=58089"},{"taxonomy":"post_tag","embeddable":true,"href":"https:\/\/goiasemtempo.com.br\/home\/wp-json\/wp\/v2\/tags?post=58089"}],"curies":[{"name":"wp","href":"https:\/\/api.w.org\/{rel}","templated":true}]}}