{"id":57960,"date":"2020-12-28T20:24:13","date_gmt":"2020-12-28T20:24:13","guid":{"rendered":"http:\/\/goiasemtempo.com.br\/home\/?p=57960"},"modified":"2020-12-28T20:24:13","modified_gmt":"2020-12-28T20:24:13","slug":"covid-19-pode-diminuir-tamanho-do-penis-aponta-estudo-com-3-mil-pacientes","status":"publish","type":"post","link":"https:\/\/goiasemtempo.com.br\/home\/covid-19-pode-diminuir-tamanho-do-penis-aponta-estudo-com-3-mil-pacientes\/","title":{"rendered":"Covid-19 pode diminuir tamanho do p\u00eanis, aponta estudo com 3 mil pacientes"},"content":{"rendered":"<p>Um estudo sobre as sequelas que a covid-19 pode provocar no corpo das pessoas a longo prazo mostra que a doen\u00e7a pode diminuir o tamanho do p\u00eanis. O resultado da pesquisa foi publicado neste domingo (27) na plataforma cient\u00edfica\u00a0<a href=\"https:\/\/www.medrxiv.org\/\"><strong>MedRxiv<\/strong><\/a>.<\/p>\n<div>\n<div id=\"denakop-ad-0\">O estudo iniciado h\u00e1 sete meses acompanhou a doen\u00e7a em mais de 3 mil pacientes infectados pelo v\u00edrus em 56 pa\u00edses. Ao todo, 3% dos homens relataram uma diminui\u00e7\u00e3o no tamanho de seu \u00f3rg\u00e3o genital, 15% relataram algum tipo de disfun\u00e7\u00e3o sexual e 11% relataram dor nos test\u00edculos.<\/div>\n<\/div>\n<p>A pesquisa, que foi iniciada em abril, foi feita por volunt\u00e1rios e membros de um grupo de apoio.<\/p>\n","protected":false},"excerpt":{"rendered":"<p>Um estudo sobre as sequelas que a covid-19 pode provocar no corpo das pessoas a longo prazo mostra que a doen\u00e7a pode diminuir o tamanho do p\u00eanis. O resultado da pesquisa foi publicado neste domingo (27) na plataforma cient\u00edfica\u00a0MedRxiv. O estudo iniciado h\u00e1 sete meses acompanhou a doen\u00e7a em mais de 3 mil pacientes infectados &hellip;<\/p>\n","protected":false},"author":3,"featured_media":57961,"comment_status":"open","ping_status":"open","sticky":false,"template":"","format":"standard","meta":{"_exactmetrics_skip_tracking":false,"_exactmetrics_sitenote_active":false,"_exactmetrics_sitenote_note":"","_exactmetrics_sitenote_category":0,"footnotes":""},"categories":[45,16],"tags":[],"_links":{"self":[{"href":"https:\/\/goiasemtempo.com.br\/home\/wp-json\/wp\/v2\/posts\/57960"}],"collection":[{"href":"https:\/\/goiasemtempo.com.br\/home\/wp-json\/wp\/v2\/posts"}],"about":[{"href":"https:\/\/goiasemtempo.com.br\/home\/wp-json\/wp\/v2\/types\/post"}],"author":[{"embeddable":true,"href":"https:\/\/goiasemtempo.com.br\/home\/wp-json\/wp\/v2\/users\/3"}],"replies":[{"embeddable":true,"href":"https:\/\/goiasemtempo.com.br\/home\/wp-json\/wp\/v2\/comments?post=57960"}],"version-history":[{"count":1,"href":"https:\/\/goiasemtempo.com.br\/home\/wp-json\/wp\/v2\/posts\/57960\/revisions"}],"predecessor-version":[{"id":57962,"href":"https:\/\/goiasemtempo.com.br\/home\/wp-json\/wp\/v2\/posts\/57960\/revisions\/57962"}],"wp:featuredmedia":[{"embeddable":true,"href":"https:\/\/goiasemtempo.com.br\/home\/wp-json\/wp\/v2\/media\/57961"}],"wp:attachment":[{"href":"https:\/\/goiasemtempo.com.br\/home\/wp-json\/wp\/v2\/media?parent=57960"}],"wp:term":[{"taxonomy":"category","embeddable":true,"href":"https:\/\/goiasemtempo.com.br\/home\/wp-json\/wp\/v2\/categories?post=57960"},{"taxonomy":"post_tag","embeddable":true,"href":"https:\/\/goiasemtempo.com.br\/home\/wp-json\/wp\/v2\/tags?post=57960"}],"curies":[{"name":"wp","href":"https:\/\/api.w.org\/{rel}","templated":true}]}}