{"id":57822,"date":"2020-12-22T03:27:35","date_gmt":"2020-12-22T03:27:35","guid":{"rendered":"http:\/\/goiasemtempo.com.br\/home\/?p=57822"},"modified":"2020-12-22T03:31:31","modified_gmt":"2020-12-22T03:31:31","slug":"novo-regime-previdenciario-em-goias-e-aprovado-pela-maioria-dos-deputados","status":"publish","type":"post","link":"https:\/\/goiasemtempo.com.br\/home\/novo-regime-previdenciario-em-goias-e-aprovado-pela-maioria-dos-deputados\/","title":{"rendered":"Novo regime previdenci\u00e1rio em Goi\u00e1s \u00e9 aprovado pela maioria dos deputados"},"content":{"rendered":"<p>A Assembleia Legislativa de Goi\u00e1s aprovou nesta segunda-feira (21) em segunda fase de discuss\u00e3o e vota\u00e7\u00e3o, com o placar de 20 votos a 12, a propositura de\u00a0n\u00ba 5527\/20,\u00a0de autoria do Poder Executivo, que trata sobre o Regime Pr\u00f3prio de Previd\u00eancia Social do Estado de Goi\u00e1s.<\/p>\n<p>Votaram contra a mat\u00e9ria os deputados: Ant\u00f4nio Gomide, Cl\u00e1udio Meirelles, Delegada Adriana Accorsi, Delegado Humberto Te\u00f3filo, Delegado Eduardo Prado, Gustavo Sebba, H\u00e9lio de Sousa, Lucas Calil, L\u00eada Borges,Major Ara\u00fajo, Talles Barreto e Virmondes Cruvinel.<\/p>\n<p>A proposta, que foi motivo de intenso debate entre os parlamentares, institui um regime que seja compat\u00edvel com as modifica\u00e7\u00f5es trazidas pela Emenda Constitucional n\u00ba 103, de 12 de novembro de 2019, e pela Emenda Constitucional estadual n\u00ba 65, de 21 de dezembro de 2019, que alteraram o modelo de previd\u00eancia social.<\/p>\n<p>\u201cA institui\u00e7\u00e3o de um novo regime previdenci\u00e1rio tamb\u00e9m se justifica pelo advento do Sistema de Prote\u00e7\u00e3o Social dos Militares dos Estados, do Distrito Federal e dos Territ\u00f3rios, introduzido no ordenamento jur\u00eddico brasileiro pela Lei Federal n\u00ba 13.954, de 16 de dezembro de 2019, que alterou o Decreto-Lei federal n\u00ba 667, de 2 de julho de 1969. Determina-se expressamente que n\u00e3o seja aplicado aos militares o regime pr\u00f3prio de previd\u00eancia social dos servidores p\u00fablicos\u201d, diz a justificativa do projeto.<\/p>\n<p><strong> PREVID\u00caNCIA DOS MILITARES <\/strong><\/p>\n<p>Com o placar de 19 votos a 12, foi aprovado, em primeira vota\u00e7\u00e3o, o projeto de lei n\u00ba 5525\/20 que estrutura o Sistema de Prote\u00e7\u00e3o Social dos Militares do Estado de Goi\u00e1s (SPSM-GO).<\/p>\n<p>Votaram contra a mat\u00e9ria os deputados Ant\u00f4nio Gomide, Cl\u00e1udio Meirelles, Delegada Adriana Accorsi, Delegado Eduardo Prado, Delegado Humberto Te\u00f3filo, Helio de Sousa, Gustavo Sebba, Karlos Cabral, L\u00eada Borges, Major Ara\u00fajo, Lucas Calil e Talles Barreto.<\/p>\n<p>O presidente da Goi\u00e1s Previd\u00eancia (Goi\u00e1sPrev), Gilvan C\u00e2ndido, explicou, na propositura, a import\u00e2ncia da regulamenta\u00e7\u00e3o da prote\u00e7\u00e3o social dos militares componentes da Pol\u00edcia Militar (PM-GO) e do Corpo de Bombeiros Militar (CBM-GO). Segundo ele, a relev\u00e2ncia decorre de compet\u00eancia legislativa para editar normas gerais sobre inatividade e pens\u00f5es militares ter passado a ser privativa da Uni\u00e3o, a partir da publica\u00e7\u00e3o da Emenda Constitucional n\u00ba 103, de 14 de novembro de 2019. O presidente atestou, ainda, que a medida n\u00e3o causa impacto or\u00e7ament\u00e1rio ou financeira \u00e0 Goi\u00e1sPrev.<\/p>\n<p>Fonte: Ag\u00eancia de Not\u00edcias\/ Alego\/<\/p>\n","protected":false},"excerpt":{"rendered":"<p>A Assembleia Legislativa de Goi\u00e1s aprovou nesta segunda-feira (21) em segunda fase de discuss\u00e3o e vota\u00e7\u00e3o, com o placar de 20 votos a 12, a propositura de\u00a0n\u00ba 5527\/20,\u00a0de autoria do Poder Executivo, que trata sobre o Regime Pr\u00f3prio de Previd\u00eancia Social do Estado de Goi\u00e1s. Votaram contra a mat\u00e9ria os deputados: Ant\u00f4nio Gomide, Cl\u00e1udio Meirelles, &hellip;<\/p>\n","protected":false},"author":3,"featured_media":57823,"comment_status":"open","ping_status":"open","sticky":false,"template":"","format":"standard","meta":{"_exactmetrics_skip_tracking":false,"_exactmetrics_sitenote_active":false,"_exactmetrics_sitenote_note":"","_exactmetrics_sitenote_category":0,"footnotes":""},"categories":[15,19,2],"tags":[],"_links":{"self":[{"href":"https:\/\/goiasemtempo.com.br\/home\/wp-json\/wp\/v2\/posts\/57822"}],"collection":[{"href":"https:\/\/goiasemtempo.com.br\/home\/wp-json\/wp\/v2\/posts"}],"about":[{"href":"https:\/\/goiasemtempo.com.br\/home\/wp-json\/wp\/v2\/types\/post"}],"author":[{"embeddable":true,"href":"https:\/\/goiasemtempo.com.br\/home\/wp-json\/wp\/v2\/users\/3"}],"replies":[{"embeddable":true,"href":"https:\/\/goiasemtempo.com.br\/home\/wp-json\/wp\/v2\/comments?post=57822"}],"version-history":[{"count":3,"href":"https:\/\/goiasemtempo.com.br\/home\/wp-json\/wp\/v2\/posts\/57822\/revisions"}],"predecessor-version":[{"id":57826,"href":"https:\/\/goiasemtempo.com.br\/home\/wp-json\/wp\/v2\/posts\/57822\/revisions\/57826"}],"wp:featuredmedia":[{"embeddable":true,"href":"https:\/\/goiasemtempo.com.br\/home\/wp-json\/wp\/v2\/media\/57823"}],"wp:attachment":[{"href":"https:\/\/goiasemtempo.com.br\/home\/wp-json\/wp\/v2\/media?parent=57822"}],"wp:term":[{"taxonomy":"category","embeddable":true,"href":"https:\/\/goiasemtempo.com.br\/home\/wp-json\/wp\/v2\/categories?post=57822"},{"taxonomy":"post_tag","embeddable":true,"href":"https:\/\/goiasemtempo.com.br\/home\/wp-json\/wp\/v2\/tags?post=57822"}],"curies":[{"name":"wp","href":"https:\/\/api.w.org\/{rel}","templated":true}]}}