{"id":57733,"date":"2020-12-20T14:37:37","date_gmt":"2020-12-20T14:37:37","guid":{"rendered":"http:\/\/goiasemtempo.com.br\/home\/?p=57733"},"modified":"2020-12-20T14:37:37","modified_gmt":"2020-12-20T14:37:37","slug":"policia-prende-motorista-que-matou-adolescente-atropelado-em-anapolis","status":"publish","type":"post","link":"https:\/\/goiasemtempo.com.br\/home\/policia-prende-motorista-que-matou-adolescente-atropelado-em-anapolis\/","title":{"rendered":"Pol\u00edcia prende motorista que matou adolescente atropelado em An\u00e1polis"},"content":{"rendered":"<p>Est\u00e1 preso o motorista que atropelou o adolescente Dielinton Haryell da Silva Roque, 16 anos, fato ocorrido na noite da \u00faltima sexta-feira (18) na avenida Pedro Ludovico em An\u00e1polis.<\/p>\n<p>Dielinton estava em uma bicicleta, e acabou sendo atropelado por um ve\u00edculo em alta velocidade e indo a \u00f3bito no local, o motorista fugiu sem prestar socorro.<\/p>\n<div class=\"entry-content clearfix\">\n<p>Desde o dia do atropelamento, a Pol\u00edcia Civil busca localizar o motorista. Ele est\u00e1 foi para \u00e0 Central de Flagrantes.<\/p>\n<p>Breve maiores informa\u00e7\u00f5es e detalhes da pris\u00e3o<\/p>\n<p>Fonte: An\u00e1polis Not\u00edcias<\/p>\n<p><img decoding=\"async\" src=\"https:\/\/anapolisnoticias.com.br\/wp-content\/uploads\/2020\/12\/IMG-20201220-WA0002.jpg\" \/><\/p>\n<\/div>\n","protected":false},"excerpt":{"rendered":"<p>Est\u00e1 preso o motorista que atropelou o adolescente Dielinton Haryell da Silva Roque, 16 anos, fato ocorrido na noite da \u00faltima sexta-feira (18) na avenida Pedro Ludovico em An\u00e1polis. Dielinton estava em uma bicicleta, e acabou sendo atropelado por um ve\u00edculo em alta velocidade e indo a \u00f3bito no local, o motorista fugiu sem prestar &hellip;<\/p>\n","protected":false},"author":3,"featured_media":57734,"comment_status":"open","ping_status":"open","sticky":false,"template":"","format":"standard","meta":{"_exactmetrics_skip_tracking":false,"_exactmetrics_sitenote_active":false,"_exactmetrics_sitenote_note":"","_exactmetrics_sitenote_category":0,"footnotes":""},"categories":[18,4],"tags":[],"_links":{"self":[{"href":"https:\/\/goiasemtempo.com.br\/home\/wp-json\/wp\/v2\/posts\/57733"}],"collection":[{"href":"https:\/\/goiasemtempo.com.br\/home\/wp-json\/wp\/v2\/posts"}],"about":[{"href":"https:\/\/goiasemtempo.com.br\/home\/wp-json\/wp\/v2\/types\/post"}],"author":[{"embeddable":true,"href":"https:\/\/goiasemtempo.com.br\/home\/wp-json\/wp\/v2\/users\/3"}],"replies":[{"embeddable":true,"href":"https:\/\/goiasemtempo.com.br\/home\/wp-json\/wp\/v2\/comments?post=57733"}],"version-history":[{"count":1,"href":"https:\/\/goiasemtempo.com.br\/home\/wp-json\/wp\/v2\/posts\/57733\/revisions"}],"predecessor-version":[{"id":57735,"href":"https:\/\/goiasemtempo.com.br\/home\/wp-json\/wp\/v2\/posts\/57733\/revisions\/57735"}],"wp:featuredmedia":[{"embeddable":true,"href":"https:\/\/goiasemtempo.com.br\/home\/wp-json\/wp\/v2\/media\/57734"}],"wp:attachment":[{"href":"https:\/\/goiasemtempo.com.br\/home\/wp-json\/wp\/v2\/media?parent=57733"}],"wp:term":[{"taxonomy":"category","embeddable":true,"href":"https:\/\/goiasemtempo.com.br\/home\/wp-json\/wp\/v2\/categories?post=57733"},{"taxonomy":"post_tag","embeddable":true,"href":"https:\/\/goiasemtempo.com.br\/home\/wp-json\/wp\/v2\/tags?post=57733"}],"curies":[{"name":"wp","href":"https:\/\/api.w.org\/{rel}","templated":true}]}}