{"id":57722,"date":"2020-12-19T22:22:48","date_gmt":"2020-12-19T22:22:48","guid":{"rendered":"http:\/\/goiasemtempo.com.br\/home\/?p=57722"},"modified":"2020-12-19T22:22:48","modified_gmt":"2020-12-19T22:22:48","slug":"leonardo-divulga-foto-apos-ser-curado-da-covid-19-ao-lado-da-familia-e-da-medica-anapolina-ludhmila-hajjar","status":"publish","type":"post","link":"https:\/\/goiasemtempo.com.br\/home\/leonardo-divulga-foto-apos-ser-curado-da-covid-19-ao-lado-da-familia-e-da-medica-anapolina-ludhmila-hajjar\/","title":{"rendered":"Leonardo divulga foto ap\u00f3s ser curado da Covid-19, ao lado da fam\u00edlia e da m\u00e9dica Anapolina Ludhmila Hajjar"},"content":{"rendered":"<p>O cantor sertanejo Leonardo divulgou, neste s\u00e1bado (19), que ele, sua esposa e sua sogra est\u00e3o curados da Covid-19, ap\u00f3s alguns dias isolados em seu apartamento para o tratamento da doen\u00e7a em S\u00e3o Paulo. A informa\u00e7\u00e3o vem ap\u00f3s 11 dias da divulga\u00e7\u00e3o do diagn\u00f3stico. Na foto a m\u00e9dica goiana de An\u00e1polis,Ludhmila Hajjar, que acompanhou o cantor, aparece ao seu lado esquerdo.<\/p>\n<p>Ele, sua esposa Poliana Rocha e a sogra Eponina Rocha receberam o diagn\u00f3stico da Covid-19 no come\u00e7o do m\u00eas, dias depois do sertanejo se recuperar de dengue. Neste s\u00e1bado, Leonardo publicou uma foto ao lado delas e das m\u00e9dicas que acompanharam o tratamento da fam\u00edlia, em que informa que est\u00e3o bem e curados da doen\u00e7a.<\/p>\n<p>O cantor Z\u00e9 Felipe, filho de Poliana, havia dito que testou positivo pela segunda vez nesta semana. No entanto, em um post deste s\u00e1bado, a m\u00e3e informa que o teste do tipo PCR dele deu negativo \u2013 o que pode indicar um \u201cfalso positivo\u201d do exame anterior.<\/p>\n","protected":false},"excerpt":{"rendered":"<p>O cantor sertanejo Leonardo divulgou, neste s\u00e1bado (19), que ele, sua esposa e sua sogra est\u00e3o curados da Covid-19, ap\u00f3s alguns dias isolados em seu apartamento para o tratamento da doen\u00e7a em S\u00e3o Paulo. A informa\u00e7\u00e3o vem ap\u00f3s 11 dias da divulga\u00e7\u00e3o do diagn\u00f3stico. Na foto a m\u00e9dica goiana de An\u00e1polis,Ludhmila Hajjar, que acompanhou o &hellip;<\/p>\n","protected":false},"author":3,"featured_media":57723,"comment_status":"open","ping_status":"open","sticky":false,"template":"","format":"standard","meta":{"_exactmetrics_skip_tracking":false,"_exactmetrics_sitenote_active":false,"_exactmetrics_sitenote_note":"","_exactmetrics_sitenote_category":0,"footnotes":""},"categories":[45],"tags":[],"_links":{"self":[{"href":"https:\/\/goiasemtempo.com.br\/home\/wp-json\/wp\/v2\/posts\/57722"}],"collection":[{"href":"https:\/\/goiasemtempo.com.br\/home\/wp-json\/wp\/v2\/posts"}],"about":[{"href":"https:\/\/goiasemtempo.com.br\/home\/wp-json\/wp\/v2\/types\/post"}],"author":[{"embeddable":true,"href":"https:\/\/goiasemtempo.com.br\/home\/wp-json\/wp\/v2\/users\/3"}],"replies":[{"embeddable":true,"href":"https:\/\/goiasemtempo.com.br\/home\/wp-json\/wp\/v2\/comments?post=57722"}],"version-history":[{"count":1,"href":"https:\/\/goiasemtempo.com.br\/home\/wp-json\/wp\/v2\/posts\/57722\/revisions"}],"predecessor-version":[{"id":57724,"href":"https:\/\/goiasemtempo.com.br\/home\/wp-json\/wp\/v2\/posts\/57722\/revisions\/57724"}],"wp:featuredmedia":[{"embeddable":true,"href":"https:\/\/goiasemtempo.com.br\/home\/wp-json\/wp\/v2\/media\/57723"}],"wp:attachment":[{"href":"https:\/\/goiasemtempo.com.br\/home\/wp-json\/wp\/v2\/media?parent=57722"}],"wp:term":[{"taxonomy":"category","embeddable":true,"href":"https:\/\/goiasemtempo.com.br\/home\/wp-json\/wp\/v2\/categories?post=57722"},{"taxonomy":"post_tag","embeddable":true,"href":"https:\/\/goiasemtempo.com.br\/home\/wp-json\/wp\/v2\/tags?post=57722"}],"curies":[{"name":"wp","href":"https:\/\/api.w.org\/{rel}","templated":true}]}}