{"id":57661,"date":"2020-12-17T22:58:42","date_gmt":"2020-12-17T22:58:42","guid":{"rendered":"http:\/\/goiasemtempo.com.br\/home\/?p=57661"},"modified":"2020-12-17T22:58:42","modified_gmt":"2020-12-17T22:58:42","slug":"governo-bolsonaro-destina-r-20-bi-para-vacinacao-da-populacao-contra-covid-19","status":"publish","type":"post","link":"https:\/\/goiasemtempo.com.br\/home\/governo-bolsonaro-destina-r-20-bi-para-vacinacao-da-populacao-contra-covid-19\/","title":{"rendered":"Governo Bolsonaro destina R$ 20 bi para vacina\u00e7\u00e3o da popula\u00e7\u00e3o contra covid-19"},"content":{"rendered":"<p>O presidente Jair Bolsonaro assinou hoje (17) uma Medida Provis\u00f3ria (MP) que abre cr\u00e9dito extraordin\u00e1rio de R$ 20 bilh\u00f5es, em favor do Minist\u00e9rio da Sa\u00fade, para a vacina\u00e7\u00e3o da popula\u00e7\u00e3o contra a covid-19. O ato ocorreu durante a cerim\u00f4nia de posse do novo ministro do Turismo, Gilson Machado, no Pal\u00e1cio do Planalto.<img decoding=\"async\" src=\"https:\/\/agenciabrasil.ebc.com.br\/ebc.png?id=1396705&amp;o=node\" \/><img decoding=\"async\" src=\"https:\/\/agenciabrasil.ebc.com.br\/ebc.gif?id=1396705&amp;o=node\" \/><\/p>\n<p>\u201cT\u00e3o logo tenhamos uma vacina certificada pela Anvisa [Ag\u00eancia Nacional de Vigil\u00e2ncia Sanit\u00e1ria], ela estar\u00e1 a disposi\u00e7\u00e3o de todos no Brasil, de forma gratuita e volunt\u00e1ria\u201d, disse Bolsonaro. A MP deve ser publicada ainda nesta quinta-feira em edi\u00e7\u00e3o extra do\u00a0<em>Di\u00e1rio Oficial da Uni\u00e3o<\/em>.<\/p>\n<p>Em nota, a Secretaria-Geral da Presid\u00eancia explicou que o valor cobrir\u00e1 as despesas com a compra das doses de vacina, seringas, agulhas, log\u00edstica, comunica\u00e7\u00e3o e todas as despesas que sejam necess\u00e1rias para vacinar a popula\u00e7\u00e3o. O montante, ainda segundo a pasta, n\u00e3o \u00e9 destinado a nenhuma vacina espec\u00edfica e poder\u00e1 ser utilizado conforme o planejamento e as necessidades do Minist\u00e9rio da Sa\u00fade.<\/p>\n<p>\u201cA medida permitir\u00e1 que as autoridades de sa\u00fade brasileiras fiquem em condi\u00e7\u00f5es de adquirir as primeiras vacinas que tenham o seu uso autorizado pela Ag\u00eancia Nacional de Vigil\u00e2ncia Sanit\u00e1ria (Anvisa) e que apresentem possibilidade de r\u00e1pida disponibiliza\u00e7\u00e3o \u00e0 popula\u00e7\u00e3o brasileira\u201d, diz a nota.<\/p>\n<p>De acordo com o governo federal, o valor ser\u00e1 financiado com o uso de super\u00e1vit financeiro de exerc\u00edcios anteriores e, como se trata de um cr\u00e9dito extraordin\u00e1rio, ele n\u00e3o depende da aprova\u00e7\u00e3o da Lei Or\u00e7ament\u00e1ria de 2021. \u201cEmbora a medida em tela seja enviada ao Legislativo para posterior confirma\u00e7\u00e3o, os recursos j\u00e1 ficar\u00e3o dispon\u00edveis imediatamente e poder\u00e3o ser utilizados desde j\u00e1 pelo Minist\u00e9rio da Sa\u00fade. A medida \u00e9 mais uma das a\u00e7\u00f5es empreendidas pelo governo federal visando diminuir os graves impactos econ\u00f4micos pela pandemia do covid-19\u201d, explicou a Secretaria-Geral.<\/p>\n<p>De acordo com o Plano Nacional de Operacionaliza\u00e7\u00e3o da Vacina contra a Covid-19, apresentado esta semana pelo\u00a0<a href=\"https:\/\/agenciabrasil.ebc.com.br\/saude\/noticia\/2020-12\/governo-anuncia-hoje-plano-nacional-da-vacina-contra-covid-19\" target=\"_blank\" rel=\"noopener noreferrer\">Minist\u00e9rio da Sa\u00fade<\/a>, o governo federal j\u00e1 disponibilizou R$ 1,9 bilh\u00e3o de encomenda tecnol\u00f3gica associada \u00e0 aquisi\u00e7\u00e3o de 100,4 milh\u00f5es de doses de vacina pela AstraZeneca\/Fiocruz e R$ 2,5 bilh\u00f5es para ades\u00e3o ao Cons\u00f3rcio Covax Facitity, associado \u00e0 aquisi\u00e7\u00e3o de 42 milh\u00f5es de doses de vacinas.<\/p>\n<p>Al\u00e9m disso, h\u00e1 outros R$ 177,6 milh\u00f5es para custeio e investimento na Rede de Frio, na moderniza\u00e7\u00e3o dos Centros de Refer\u00eancia para Imunobiol\u00f3gicos Especiais (CRIEs), no fortalecimento e amplia\u00e7\u00e3o da vigil\u00e2ncia de s\u00edndromes respirat\u00f3rias. Tamb\u00e9m outros R$ 62 milh\u00f5es foram investidos para aquisi\u00e7\u00e3o de mais 300 milh\u00f5es de seringas e agulhas.<\/p>\n","protected":false},"excerpt":{"rendered":"<p>O presidente Jair Bolsonaro assinou hoje (17) uma Medida Provis\u00f3ria (MP) que abre cr\u00e9dito extraordin\u00e1rio de R$ 20 bilh\u00f5es, em favor do Minist\u00e9rio da Sa\u00fade, para a vacina\u00e7\u00e3o da popula\u00e7\u00e3o contra a covid-19. O ato ocorreu durante a cerim\u00f4nia de posse do novo ministro do Turismo, Gilson Machado, no Pal\u00e1cio do Planalto. \u201cT\u00e3o logo tenhamos &hellip;<\/p>\n","protected":false},"author":3,"featured_media":57662,"comment_status":"open","ping_status":"open","sticky":false,"template":"","format":"standard","meta":{"_exactmetrics_skip_tracking":false,"_exactmetrics_sitenote_active":false,"_exactmetrics_sitenote_note":"","_exactmetrics_sitenote_category":0,"footnotes":""},"categories":[163],"tags":[],"_links":{"self":[{"href":"https:\/\/goiasemtempo.com.br\/home\/wp-json\/wp\/v2\/posts\/57661"}],"collection":[{"href":"https:\/\/goiasemtempo.com.br\/home\/wp-json\/wp\/v2\/posts"}],"about":[{"href":"https:\/\/goiasemtempo.com.br\/home\/wp-json\/wp\/v2\/types\/post"}],"author":[{"embeddable":true,"href":"https:\/\/goiasemtempo.com.br\/home\/wp-json\/wp\/v2\/users\/3"}],"replies":[{"embeddable":true,"href":"https:\/\/goiasemtempo.com.br\/home\/wp-json\/wp\/v2\/comments?post=57661"}],"version-history":[{"count":1,"href":"https:\/\/goiasemtempo.com.br\/home\/wp-json\/wp\/v2\/posts\/57661\/revisions"}],"predecessor-version":[{"id":57663,"href":"https:\/\/goiasemtempo.com.br\/home\/wp-json\/wp\/v2\/posts\/57661\/revisions\/57663"}],"wp:featuredmedia":[{"embeddable":true,"href":"https:\/\/goiasemtempo.com.br\/home\/wp-json\/wp\/v2\/media\/57662"}],"wp:attachment":[{"href":"https:\/\/goiasemtempo.com.br\/home\/wp-json\/wp\/v2\/media?parent=57661"}],"wp:term":[{"taxonomy":"category","embeddable":true,"href":"https:\/\/goiasemtempo.com.br\/home\/wp-json\/wp\/v2\/categories?post=57661"},{"taxonomy":"post_tag","embeddable":true,"href":"https:\/\/goiasemtempo.com.br\/home\/wp-json\/wp\/v2\/tags?post=57661"}],"curies":[{"name":"wp","href":"https:\/\/api.w.org\/{rel}","templated":true}]}}