{"id":57478,"date":"2020-12-11T15:50:36","date_gmt":"2020-12-11T15:50:36","guid":{"rendered":"http:\/\/goiasemtempo.com.br\/home\/?p=57478"},"modified":"2020-12-11T15:50:36","modified_gmt":"2020-12-11T15:50:36","slug":"policia-prende-suspeito-de-participar-de-homicidio-de-radialista-em-mineiros","status":"publish","type":"post","link":"https:\/\/goiasemtempo.com.br\/home\/policia-prende-suspeito-de-participar-de-homicidio-de-radialista-em-mineiros\/","title":{"rendered":"Pol\u00edcia prende suspeito de participar de homic\u00eddio de radialista em Mineiros"},"content":{"rendered":"<p><em>A Pol\u00edcia Civil prendeu um jovem de 23 anos, que n\u00e3o teve a identidade divulgada, suspeito de participar da morte do radialista Laurency Silva de Sousa, de 33 anos, conhecido como Montanha.<\/em><\/p>\n<p>Segundo as investiga\u00e7\u00f5es, o detido levou o autor dos disparos \u00e0 casa da v\u00edtima e depois o ajudou a fugir.<\/p>\n<p>O radialista foi morto a tiros em Mineiros, no sudoeste de Goi\u00e1s, dentro da casa onde morava.<\/p>\n<p>De acordo com a Pol\u00edcia Civil, o suspeito de ser autor dos disparos \u00e9 Jhonata Alves de Souza, que est\u00e1 sendo procurado pela corpora\u00e7\u00e3o e tem mandado de pris\u00e3o j\u00e1 expedido pela Justi\u00e7a.<\/p>\n<p>O delegado Jo\u00e3o Paulo Mendes, respons\u00e1vel pelo caso, informou \u00e0 TV Anhanguera que o advogado do suspeito informou que o cliente se apresentaria na delegacia da cidade, mas que isso n\u00e3o havia ocorrido at\u00e9 o fim da tarde de quinta-feira (10).<\/p>\n<p>As investiga\u00e7\u00f5es apontaram que Jhonata \u00e9 ex-namorado da enteada do radialista e que foi \u00e0 casa em que ela mora com a m\u00e3e e o padrasto inconformado com o t\u00e9rmino do relacionamento. De acordo com a Pol\u00edcia Civil, ele desligou a energia do im\u00f3vel, quebrou a cerca el\u00e9trica e pulou as grades da resid\u00eancia para conseguir entrar.<\/p>\n<p>Ainda de acordo com as apura\u00e7\u00f5es policiais, Johnatan conseguiu atingir a ex-sogra com um tiro no rosto, mas n\u00e3o a ex-namorada porque ela conseguiu se trancar em um quarto.<\/p>\n<p>At\u00e9 a publica\u00e7\u00e3o desta reportagem o G1 n\u00e3o conseguiu localizar a mulher baleada para saber o estado de sa\u00fade atualizado dela.<\/p>\n<p>Segundo a Pol\u00edcia Civil, os dois suspeitos devem responder por homic\u00eddio e duas tentativas de homic\u00eddio.<\/p>\n<p><strong><em>By Ana Paula Moreira e Vanessa Martins, TV Anhanguera e G1 GO<\/em><\/strong><\/p>\n","protected":false},"excerpt":{"rendered":"<p>A Pol\u00edcia Civil prendeu um jovem de 23 anos, que n\u00e3o teve a identidade divulgada, suspeito de participar da morte do radialista Laurency Silva de Sousa, de 33 anos, conhecido como Montanha. Segundo as investiga\u00e7\u00f5es, o detido levou o autor dos disparos \u00e0 casa da v\u00edtima e depois o ajudou a fugir. O radialista foi &hellip;<\/p>\n","protected":false},"author":3,"featured_media":57479,"comment_status":"open","ping_status":"open","sticky":false,"template":"","format":"standard","meta":{"_exactmetrics_skip_tracking":false,"_exactmetrics_sitenote_active":false,"_exactmetrics_sitenote_note":"","_exactmetrics_sitenote_category":0,"footnotes":""},"categories":[7,33],"tags":[],"_links":{"self":[{"href":"https:\/\/goiasemtempo.com.br\/home\/wp-json\/wp\/v2\/posts\/57478"}],"collection":[{"href":"https:\/\/goiasemtempo.com.br\/home\/wp-json\/wp\/v2\/posts"}],"about":[{"href":"https:\/\/goiasemtempo.com.br\/home\/wp-json\/wp\/v2\/types\/post"}],"author":[{"embeddable":true,"href":"https:\/\/goiasemtempo.com.br\/home\/wp-json\/wp\/v2\/users\/3"}],"replies":[{"embeddable":true,"href":"https:\/\/goiasemtempo.com.br\/home\/wp-json\/wp\/v2\/comments?post=57478"}],"version-history":[{"count":1,"href":"https:\/\/goiasemtempo.com.br\/home\/wp-json\/wp\/v2\/posts\/57478\/revisions"}],"predecessor-version":[{"id":57480,"href":"https:\/\/goiasemtempo.com.br\/home\/wp-json\/wp\/v2\/posts\/57478\/revisions\/57480"}],"wp:featuredmedia":[{"embeddable":true,"href":"https:\/\/goiasemtempo.com.br\/home\/wp-json\/wp\/v2\/media\/57479"}],"wp:attachment":[{"href":"https:\/\/goiasemtempo.com.br\/home\/wp-json\/wp\/v2\/media?parent=57478"}],"wp:term":[{"taxonomy":"category","embeddable":true,"href":"https:\/\/goiasemtempo.com.br\/home\/wp-json\/wp\/v2\/categories?post=57478"},{"taxonomy":"post_tag","embeddable":true,"href":"https:\/\/goiasemtempo.com.br\/home\/wp-json\/wp\/v2\/tags?post=57478"}],"curies":[{"name":"wp","href":"https:\/\/api.w.org\/{rel}","templated":true}]}}