{"id":57474,"date":"2020-12-11T15:40:27","date_gmt":"2020-12-11T15:40:27","guid":{"rendered":"http:\/\/goiasemtempo.com.br\/home\/?p=57474"},"modified":"2020-12-11T15:40:27","modified_gmt":"2020-12-11T15:40:27","slug":"pela-segunda-vez-apae-anapolis-conquista-titulo-de-melhor-ong-do-centro-oeste","status":"publish","type":"post","link":"https:\/\/goiasemtempo.com.br\/home\/pela-segunda-vez-apae-anapolis-conquista-titulo-de-melhor-ong-do-centro-oeste\/","title":{"rendered":"Pela segunda vez, APAE An\u00e1polis conquista  t\u00edtulo de Melhor ONG do Centro-Oeste"},"content":{"rendered":"<p>Trabalhar com dedica\u00e7\u00e3o e amor \u00e9 fazer o dever de casa. Trabalhar com excel\u00eancia e transpar\u00eancia s\u00e3o desafios do dia-a-dia, desafios estes que colocaram a Associa\u00e7\u00e3o de Pais e Amigos dos Excepcionais (APAE) de An\u00e1polis num patamar elevado de reconhecimento p\u00fablico.<\/p>\n<p>Pelo quarto ano consecutivo, a APAE An\u00e1polis foi classificada entre as 100 Melhores ONGs do Brasil e, na noite desta quinta-feira, 11\/12, mais uma consagra\u00e7\u00e3o: a conquista de Melhor ONG do Centro-Oeste. O Pr\u00eamio, realizado desde 2017, \u00e9 uma parceria do Instituto Doar, da ag\u00eancia de projetos socioambientais O Mundo Que Queremos e da Ambev, com respaldo t\u00e9cnico de pesquisadores da Funda\u00e7\u00e3o Get\u00falio Vargas (FGV) e apoio da Funda\u00e7\u00e3o Toyota do Brasil.<\/p>\n<p>A disputa foi acirrada. O Brasil tem cerca de 34 mil Organiza\u00e7\u00f5es N\u00e3o-Governamentais. Dessas, quase 700 participaram da premia\u00e7\u00e3o e a APAE de An\u00e1polis revelou-se mais uma vez como um destaque. Um resultado que n\u00e3o ocorre pelo acaso, mas pelo trabalho de v\u00e1rios anos envolvendo toda a equipe de colaboradores, diretoria, conselheiros, volunt\u00e1rios\/doadores e, sobretudo, os assistidos pela institui\u00e7\u00e3o e seus familiares. Afinal, eles s\u00e3o o objetivo maior de todo o trabalho que a APAE realiza e que, hoje, coloca An\u00e1polis e o Estado de Goi\u00e1s como uma vitrine.<\/p>\n<p><strong>Efici\u00eancia cont\u00ednua<\/strong><\/p>\n<div class=\"wp-block-image\">\n<figure class=\"alignleft size-large is-resized\"><img fetchpriority=\"high\" decoding=\"async\" class=\"wp-image-89392\" src=\"https:\/\/portalcontexto.com\/wp-content\/uploads\/2020\/12\/Apae-Anapolis-03.jpg\" alt=\"\" width=\"411\" height=\"345\" data-pin-no-hover=\"true\" \/>\u00a0 \u00a0 \u00a0 \u00a0 \u00a0 \u00a0 \u00a0 \u00a0 \u00a0 \u00a0 \u00a0 \u00a0 \u00a0 \u00a0 \u00a0 \u00a0 \u00a0 \u00a0 \u00a0 \u00a0 \u00a0 \u00a0 \u00a0 \u00a0 \u00a0 \u00a0 \u00a0 \u00a0 \u00a0 \u00a0 \u00a0 \u00a0 \u00a0 \u00a0 \u00a0 \u00a0 \u00a0 \u00a0 \u00a0 \u00a0 Vander L\u00facio: \u201cVit\u00f3rias da APAE An\u00e1polis foram constru\u00eddas ao logo dos anos e a muitas m\u00e3os\u201d<\/figure>\n<\/div>\n<p>\u201cEssa conquista, de maneira especial, reflete o trabalho da nossa equipe de gestores nas \u00e1reas de defici\u00eancia auditiva, visual, intelectual, f\u00edsica e de educa\u00e7\u00e3o que tem levado nossos colaboradores a abra\u00e7arem a qualifica\u00e7\u00e3o e a efici\u00eancia cont\u00ednua, em prol de todos aqueles que batem a nossa porta e buscam a nossa m\u00e3o estendida\u201d, ressaltou o presidente da APAE An\u00e1polis, jornalista Vander L\u00facio Barbosa.<\/p>\n<p>Segundo ele, a institui\u00e7\u00e3o chegou a um n\u00edvel de compet\u00eancia que boa parte dos seus colaboradores s\u00e3o profissionais de ponta no mercado, nas respectivas \u00e1reas que atuam. Somando essa capacita\u00e7\u00e3o ao esp\u00edrito volunt\u00e1rio e a dedica\u00e7\u00e3o e amor com que atuam, a equipe da APAE An\u00e1polis \u201cconstruiu uma gest\u00e3o profissional diferenciada e isso nos leva a colher bons frutos, como colhemos agora diante tantas e t\u00e3o relevantes conquistas\u201d, assinalou Vander L\u00facio.<\/p>\n<p>\u201cAs nossas conquistas refletem um trabalho de v\u00e1rios anos, de muito aprendizado, muito trabalho motiva\u00e7\u00e3o em fazer sempre melhor. Por isso, reitero que os pr\u00eamios s\u00e3o uma conquista da fam\u00edlia apaeana. Encerramos um ano dif\u00edcil, numa situa\u00e7\u00e3o de pandemia, mas, felizmente, um ano com feitos para serem comemorados\u201d, avaliou o presidente da APAE An\u00e1polis.<\/p>\n<p>Vander L\u00facio tamb\u00e9m agradeceu a todos os parceiros, como o Minist\u00e9rio P\u00fablico do Trabalho; os poderes constitu\u00eddos- Executivo, Legislativo e Judici\u00e1rio, em \u00e2mbito municipal e estadual; o Minist\u00e9rio P\u00fablico de Goi\u00e1s; os deputados estaduais e federais que t\u00eam contemplado a institui\u00e7\u00e3o com emendas de bancada e pessoais; as empresas; os doadores pessoa f\u00edsica; o prefeito Roberto Naves que tem dado uma aten\u00e7\u00e3o toda especial por meio da Secretaria Municipal de Sa\u00fade; os volunt\u00e1rios e a comunidade em geral que tem abra\u00e7ado e reconhecido a causa apaeana.<\/p>\n<p>\u201c\u00c9 uma lista enorme de parceiros, amigos e volunt\u00e1rios que est\u00e3o conosco e com os quais tamb\u00e9m quero dividir todas as conquistas da APAE An\u00e1polis\u201d, destacou Vander L\u00facio.<\/p>\n<p><strong>A APAE An\u00e1polis<\/strong><\/p>\n<div class=\"wp-block-image\">\n<figure class=\"alignright size-large is-resized\"><img decoding=\"async\" class=\"wp-image-89393\" src=\"https:\/\/portalcontexto.com\/wp-content\/uploads\/2020\/12\/Apae-Anapolis-02.jpg\" sizes=\"(max-width: 488px) 100vw, 488px\" srcset=\"https:\/\/portalcontexto.com\/wp-content\/uploads\/2020\/12\/Apae-Anapolis-02.jpg 800w, https:\/\/portalcontexto.com\/wp-content\/uploads\/2020\/12\/Apae-Anapolis-02-768x512.jpg 768w, https:\/\/portalcontexto.com\/wp-content\/uploads\/2020\/12\/Apae-Anapolis-02-750x500.jpg 750w\" alt=\"\" width=\"488\" height=\"325\" data-pin-no-hover=\"true\" \/><\/figure>\n<\/div>\n<p>A Associa\u00e7\u00e3o de Pais e Amigos dos Excepcionais de An\u00e1polis, fundada em setembro de 1969, atua nas \u00e1reas de assist\u00eancia social, educa\u00e7\u00e3o, sa\u00fade e inclus\u00e3o da pessoa com defici\u00eancia. \u00c9 mantenedora da Escola Maria Montessori, que atende centenas de alunos com defici\u00eancia intelectual e\/ou m\u00faltipla. Desde 1994, \u00e9 a \u00fanica entidade no Estado a realizar o Teste do Pezinho e tratar as doen\u00e7as diagnosticadas no Programa Nacional de Triagem Neonatal do SUS, o que a tornou refer\u00eancia em todo o Estado de Goi\u00e1s. Em 2013, passou a ser tamb\u00e9m refer\u00eancia no atendimento \u00e0 pessoa com defici\u00eancia f\u00edsica, auditiva e intelectual atrav\u00e9s da sua unidade CER III \u2013 Centro Especializado em Reabilita\u00e7\u00e3o, que atende milhares de pessoas todos os anos. Em outubro de 2016 a APAE An\u00e1polis se tornou refer\u00eancia tamb\u00e9m no diagn\u00f3stico e atendimento de doen\u00e7as raras nos eixos da defici\u00eancia intelectual, erros inatos do metabolismo, doen\u00e7as de origens gen\u00e9ticas e doen\u00e7as infecciosas.<\/p>\n<p>A institui\u00e7\u00e3o est\u00e1 pleiteando e j\u00e1 com processo avan\u00e7ado para se habilitar ao CER IV, alcan\u00e7ando, assim, a habilita\u00e7\u00e3o junto ao Minist\u00e9rio da Sa\u00fade para o atendimento em especializado em quatro tipos de reabilita\u00e7\u00e3o: Auditiva, F\u00edsica, Intelectual e Visual. Assim, entrando para um seleto grupo de entidades, no Pa\u00eds, que possuem a referida habilita\u00e7\u00e3o.<\/p>\n<p>H\u00e1 quatro anos, a APAE An\u00e1polis figura entre as 100 Melhores ONGs do Pa\u00eds, sendo que, em 2017, conquistou o t\u00edtulo de Melhor ONG do Centro-Oeste, o qual se repete agora neste ano de 2020. Portanto, a institui\u00e7\u00e3o \u00e9 tetra entre as 100 Melhores e bi entre as melhores do Centro-Oeste.<\/p>\n<p><em>As imagens da galeria abaixo, foram cedidas pela APAE An\u00e1polis. Algumas delas retratam cenas de antes da pandemia do cornav\u00edrus.<\/em><\/p>\n<div class=\"wp-block-image\">\n<figure class=\"aligncenter size-large\"><img decoding=\"async\" class=\"wp-image-89394\" src=\"https:\/\/portalcontexto.com\/wp-content\/uploads\/2020\/12\/Apae-Anapolis-04.jpeg\" sizes=\"(max-width: 800px) 100vw, 800px\" srcset=\"https:\/\/portalcontexto.com\/wp-content\/uploads\/2020\/12\/Apae-Anapolis-04.jpeg 800w, https:\/\/portalcontexto.com\/wp-content\/uploads\/2020\/12\/Apae-Anapolis-04-768x512.jpeg 768w, https:\/\/portalcontexto.com\/wp-content\/uploads\/2020\/12\/Apae-Anapolis-04-750x500.jpeg 750w\" alt=\"\" width=\"800\" height=\"533\" data-pin-no-hover=\"true\" \/><\/figure>\n<\/div>\n<div class=\"wp-block-image\">\n<figure class=\"aligncenter size-large\"><img loading=\"lazy\" decoding=\"async\" class=\"wp-image-89395\" src=\"https:\/\/portalcontexto.com\/wp-content\/uploads\/2020\/12\/Apae-Anapolis-05.jpeg\" sizes=\"(max-width: 800px) 100vw, 800px\" srcset=\"https:\/\/portalcontexto.com\/wp-content\/uploads\/2020\/12\/Apae-Anapolis-05.jpeg 800w, https:\/\/portalcontexto.com\/wp-content\/uploads\/2020\/12\/Apae-Anapolis-05-768x512.jpeg 768w, https:\/\/portalcontexto.com\/wp-content\/uploads\/2020\/12\/Apae-Anapolis-05-750x500.jpeg 750w\" alt=\"\" width=\"800\" height=\"533\" data-pin-no-hover=\"true\" \/><\/figure>\n<\/div>\n<div class=\"wp-block-image\">\n<figure class=\"aligncenter size-large\"><img loading=\"lazy\" decoding=\"async\" class=\"wp-image-89396\" src=\"https:\/\/portalcontexto.com\/wp-content\/uploads\/2020\/12\/Apae-Anapolis-06.jpeg\" sizes=\"(max-width: 800px) 100vw, 800px\" srcset=\"https:\/\/portalcontexto.com\/wp-content\/uploads\/2020\/12\/Apae-Anapolis-06.jpeg 800w, https:\/\/portalcontexto.com\/wp-content\/uploads\/2020\/12\/Apae-Anapolis-06-768x512.jpeg 768w, https:\/\/portalcontexto.com\/wp-content\/uploads\/2020\/12\/Apae-Anapolis-06-750x500.jpeg 750w\" alt=\"\" width=\"800\" height=\"533\" data-pin-no-hover=\"true\" \/><\/figure>\n<\/div>\n<div class=\"wp-block-image\">\n<figure class=\"aligncenter size-large\"><img loading=\"lazy\" decoding=\"async\" class=\"wp-image-89397\" src=\"https:\/\/portalcontexto.com\/wp-content\/uploads\/2020\/12\/Apae-Anapolis-07.jpeg\" sizes=\"(max-width: 800px) 100vw, 800px\" srcset=\"https:\/\/portalcontexto.com\/wp-content\/uploads\/2020\/12\/Apae-Anapolis-07.jpeg 800w, https:\/\/portalcontexto.com\/wp-content\/uploads\/2020\/12\/Apae-Anapolis-07-768x512.jpeg 768w, https:\/\/portalcontexto.com\/wp-content\/uploads\/2020\/12\/Apae-Anapolis-07-750x500.jpeg 750w\" alt=\"\" width=\"800\" height=\"533\" data-pin-no-hover=\"true\" \/><\/figure>\n<\/div>\n<div class=\"wp-block-image\">\n<figure class=\"aligncenter size-large\"><img loading=\"lazy\" decoding=\"async\" class=\"wp-image-89398\" src=\"https:\/\/portalcontexto.com\/wp-content\/uploads\/2020\/12\/Apae-Anapolis-08.jpeg\" sizes=\"(max-width: 800px) 100vw, 800px\" srcset=\"https:\/\/portalcontexto.com\/wp-content\/uploads\/2020\/12\/Apae-Anapolis-08.jpeg 800w, https:\/\/portalcontexto.com\/wp-content\/uploads\/2020\/12\/Apae-Anapolis-08-768x512.jpeg 768w, https:\/\/portalcontexto.com\/wp-content\/uploads\/2020\/12\/Apae-Anapolis-08-750x500.jpeg 750w\" alt=\"\" width=\"800\" height=\"533\" data-pin-no-hover=\"true\" \/><\/figure>\n<\/div>\n<div class=\"wp-block-image\">\n<figure class=\"aligncenter size-large\"><img loading=\"lazy\" decoding=\"async\" class=\"wp-image-89399\" src=\"https:\/\/portalcontexto.com\/wp-content\/uploads\/2020\/12\/Apae-Anapolis-09.jpeg\" sizes=\"(max-width: 800px) 100vw, 800px\" srcset=\"https:\/\/portalcontexto.com\/wp-content\/uploads\/2020\/12\/Apae-Anapolis-09.jpeg 800w, https:\/\/portalcontexto.com\/wp-content\/uploads\/2020\/12\/Apae-Anapolis-09-768x512.jpeg 768w, https:\/\/portalcontexto.com\/wp-content\/uploads\/2020\/12\/Apae-Anapolis-09-750x500.jpeg 750w\" alt=\"\" width=\"800\" height=\"533\" data-pin-no-hover=\"true\" \/><\/figure>\n<\/div>\n<div class=\"jeg_post_tags\"><\/div>\n<div>Com Ag\u00eancia de Not\u00edcias\/Cl\u00e1udius Brito\/Edi\u00e7\u00e3o-Goi\u00e1s Em Tempo\/<\/div>\n","protected":false},"excerpt":{"rendered":"<p>Trabalhar com dedica\u00e7\u00e3o e amor \u00e9 fazer o dever de casa. Trabalhar com excel\u00eancia e transpar\u00eancia s\u00e3o desafios do dia-a-dia, desafios estes que colocaram a Associa\u00e7\u00e3o de Pais e Amigos dos Excepcionais (APAE) de An\u00e1polis num patamar elevado de reconhecimento p\u00fablico. Pelo quarto ano consecutivo, a APAE An\u00e1polis foi classificada entre as 100 Melhores ONGs &hellip;<\/p>\n","protected":false},"author":3,"featured_media":57475,"comment_status":"open","ping_status":"open","sticky":false,"template":"","format":"standard","meta":{"_exactmetrics_skip_tracking":false,"_exactmetrics_sitenote_active":false,"_exactmetrics_sitenote_note":"","_exactmetrics_sitenote_category":0,"footnotes":""},"categories":[443,19],"tags":[],"_links":{"self":[{"href":"https:\/\/goiasemtempo.com.br\/home\/wp-json\/wp\/v2\/posts\/57474"}],"collection":[{"href":"https:\/\/goiasemtempo.com.br\/home\/wp-json\/wp\/v2\/posts"}],"about":[{"href":"https:\/\/goiasemtempo.com.br\/home\/wp-json\/wp\/v2\/types\/post"}],"author":[{"embeddable":true,"href":"https:\/\/goiasemtempo.com.br\/home\/wp-json\/wp\/v2\/users\/3"}],"replies":[{"embeddable":true,"href":"https:\/\/goiasemtempo.com.br\/home\/wp-json\/wp\/v2\/comments?post=57474"}],"version-history":[{"count":1,"href":"https:\/\/goiasemtempo.com.br\/home\/wp-json\/wp\/v2\/posts\/57474\/revisions"}],"predecessor-version":[{"id":57476,"href":"https:\/\/goiasemtempo.com.br\/home\/wp-json\/wp\/v2\/posts\/57474\/revisions\/57476"}],"wp:featuredmedia":[{"embeddable":true,"href":"https:\/\/goiasemtempo.com.br\/home\/wp-json\/wp\/v2\/media\/57475"}],"wp:attachment":[{"href":"https:\/\/goiasemtempo.com.br\/home\/wp-json\/wp\/v2\/media?parent=57474"}],"wp:term":[{"taxonomy":"category","embeddable":true,"href":"https:\/\/goiasemtempo.com.br\/home\/wp-json\/wp\/v2\/categories?post=57474"},{"taxonomy":"post_tag","embeddable":true,"href":"https:\/\/goiasemtempo.com.br\/home\/wp-json\/wp\/v2\/tags?post=57474"}],"curies":[{"name":"wp","href":"https:\/\/api.w.org\/{rel}","templated":true}]}}